{"id":95043,"date":"2019-05-14T12:49:30","date_gmt":"2019-05-14T15:49:30","guid":{"rendered":"http:\/\/www.caririemacao.com\/1\/?p=95043"},"modified":"2019-05-14T12:49:30","modified_gmt":"2019-05-14T15:49:30","slug":"ganham-forca-no-senado-propostas-sobre-fundeb-vitalicio","status":"publish","type":"post","link":"https:\/\/www.caririemacao.com\/1\/2019\/05\/14\/ganham-forca-no-senado-propostas-sobre-fundeb-vitalicio\/","title":{"rendered":"Ganham for\u00e7a no Senado propostas sobre Fundeb vital\u00edcio"},"content":{"rendered":"\n<p>Relat\u00f3rios de duas propostas de emenda \u00e0 Constitui\u00e7\u00e3o que querem tornar o Fundo de Manuten\u00e7\u00e3o e Desenvolvimento da Educa\u00e7\u00e3o B\u00e1sica e de Valoriza\u00e7\u00e3o dos Profissionais da Educa\u00e7\u00e3o (Fundeb) uma pol\u00edtica vital\u00edcia devem ser conclu\u00eddos esta semana e apreciados na Comiss\u00e3o de Constitui\u00e7\u00e3o e Justi\u00e7a (CCJ) do Senado ainda em maio.<\/p>\n\n\n\n<p>Uma dessas PECs,&nbsp;a 33\/19, foi apresentada no final&nbsp;de mar\u00e7o pelo senador Jorge Kajuru (PSB \u2013 GO) e tem como relator o senador Zequinha Marinho (PSC \u2013 PA). A assessoria de Marinho diz que uma primeira vers\u00e3o do relat\u00f3rio foi conclu\u00edda, mas est\u00e1 sendo aperfei\u00e7oada para ser apresentada durante esta semana na Comiss\u00e3o de Constitui\u00e7\u00e3o e Justi\u00e7a (CCJ) do Senado.<\/p>\n\n\n\n<p>A outra, a&nbsp;PEC 65\/2019&nbsp;\u2013 apresentada depois da reuni\u00e3o dos governadores em Bras\u00edlia na \u00faltima semana \u2013 \u00e9 do senador Randolfe Rodrigues (Rede- AP) e tem o senador Fl\u00e1vio Arns (Rede -PR) como relator. Segundo Arns, que n\u00e3o era membro da CCJ e entrou no colegiado no lugar de Randolfe s\u00f3 para se dedicar \u00e0 relatoria da proposta, a ideia \u00e9 votar o texto o quanto antes. \u201cO fim da vig\u00eancia do Fundeb \u00e9 muito preocupante, pois pode gerar uma desorganiza\u00e7\u00e3o e perda de recursos aplicados na educa\u00e7\u00e3o b\u00e1sica pela Uni\u00e3o. Por isso, \u00e9 fundamental avan\u00e7armos com essa PEC para que possamos garantir a sua perman\u00eancia e aperfei\u00e7oar o ensino no pa\u00eds\u201d, avaliou.<\/p>\n\n\n\n<p>O senador acredita que a proposta criar\u00e1 um clima de mais seguran\u00e7a e tranquilidade para o Brasil, j\u00e1 que a vig\u00eancia do Fundeb termina no ano que vem.<\/p>\n\n\n\n<p>O&nbsp;assunto ganhou for\u00e7a&nbsp;na \u00faltima semana depois&nbsp;ter&nbsp;sido tema de conversas em Bras\u00edlia entre governadores e o presidente da Rep\u00fablica, Jair Bolsonaro. Os chefes dos Executivos estaduais tamb\u00e9m tiveram audi\u00eancia com o ministro da Educa\u00e7\u00e3o, Abraham Weintraub, para tratar do assunto.<\/p>\n\n\n\n<p>Em dificuldades financeiras, eles s\u00e3o un\u00e2nimes em dizer que \u00e9 imposs\u00edvel perder os recursos que come\u00e7aram&nbsp;a ser pagos em 2007. S\u00f3 no&nbsp;ano passado, o Fundeb realocou cerca de R$ 148 bilh\u00f5es em recursos, usados para pagamento de sal\u00e1rios e manuten\u00e7\u00e3o de creches e escolas.&nbsp;O pedido pela manuten\u00e7\u00e3o do Fundo \u00e9 um dos seis pontos de uma carta entregue a Bolsonaro.<\/p>\n\n\n\n<figure class=\"wp-block-image\"><img decoding=\"async\" data-src=\"https:\/\/paraibaonline.com.br\/wp-content\/uploads\/2019\/05\/alunos-fundeb1405.jpg\" alt=\"\" class=\"wp-image-736770 lazyload\" src=\"data:image\/svg+xml;base64,PHN2ZyB3aWR0aD0iMSIgaGVpZ2h0PSIxIiB4bWxucz0iaHR0cDovL3d3dy53My5vcmcvMjAwMC9zdmciPjwvc3ZnPg==\" \/><\/figure>\n\n\n\n<p>Foto: Marcelo Camargo\/Ag\u00eancia Brasil<\/p>\n\n\n\n<p>O Fundeb&nbsp;cobre toda a educa\u00e7\u00e3o b\u00e1sica, da creche ao ensino m\u00e9dio, e \u00e9 a principal fonte para o pagamento dos professores da rede p\u00fablica em todo o pa\u00eds. O fundo ainda pode ser usado para a manuten\u00e7\u00e3o de escolas, aquisi\u00e7\u00e3o de material did\u00e1tico e capacita\u00e7\u00e3o dos docentes, entre outras despesas.<\/p>\n\n\n\n<p>\u00c9 formado por dinheiro proveniente dos impostos e das transfer\u00eancias obrigat\u00f3rias aos estados, Distrito Federal e munic\u00edpios (fundos de participa\u00e7\u00e3o constitucionais). Al\u00e9m desses recursos, a Uni\u00e3o faz aporte complementar em alguns estados o que, no ano passado, representou R$ 13 bilh\u00f5es. O recurso da Uni\u00e3o \u00e9 repassado quando o valor por aluno no estado n\u00e3o alcan\u00e7a o m\u00ednimo definido nacionalmente (atualmente, R$ 3.016,17 ao ano).<\/p>\n\n\n\n<p>Em cada estado, os recursos apurados s\u00e3o redistribu\u00eddos conforme o n\u00famero de alunos das redes de ensino estaduais e municipais. O Fundeb foi institu\u00eddo pela Emenda Constitucional n\u00ba 53, de&nbsp;19 de dezembro&nbsp;de 2006, em substitui\u00e7\u00e3o ao Fundo de Manuten\u00e7\u00e3o e Desenvolvimento do Ensino Fundamental e de Valoriza\u00e7\u00e3o do Magist\u00e9rio (Fundef), criado em 1996.<\/p>\n\n\n\n<p>Uma das principais diferen\u00e7as entre as PECs \u00e9 que a apresentada por \u00faltimo, pelo senador Randolfe, inclui algumas sugest\u00f5es de governadores como a implementa\u00e7\u00e3o do Custo Aluno-Qualidade Inicial (CAQi), a oferta de educa\u00e7\u00e3o em tempo integral em no m\u00ednimo 50% das escolas p\u00fablicas, a pol\u00edtica de valoriza\u00e7\u00e3o dos profissionais da educa\u00e7\u00e3o b\u00e1sica p\u00fablica e a destina\u00e7\u00e3o de 10% do Produto Interno Bruto para a educa\u00e7\u00e3o p\u00fablica.<\/p>\n\n\n\n<p>Esse mesmo texto&nbsp;estabelece ainda que a Complementa\u00e7\u00e3o Custo Aluno-Qualidade Inicial da Uni\u00e3o ao Fundeb ser\u00e1 de no m\u00ednimo 40%, sendo ampliada progressivamente a partir do percentual de 20% no primeiro ano de vig\u00eancia do novo Fundeb. Outro ponto da proposta prev\u00ea que 75% de cada fundo seja destinado ao pagamento dos profissionais da educa\u00e7\u00e3o b\u00e1sica p\u00fablica em efetivo exerc\u00edcio, para assegurar a aplica\u00e7\u00e3o dos recursos dos fundos para a remunera\u00e7\u00e3o e valoriza\u00e7\u00e3o dos profissionais da educa\u00e7\u00e3o.<\/p>\n\n\n\n<p>Segundo a presidente da CCJ, senadora Simone Tebet (MDB-MS), de maneira geral, quando n\u00e3o h\u00e1 acordo entre os autores de propostas sobre o mesmo tema, a vota\u00e7\u00e3o de um texto n\u00e3o impede a de outro. \u201cTodas podem ser votadas na CCJ\u201d, garantiu . A partir da da\u00ed, explicou \u00e0&nbsp;Ag\u00eancia Brasil, por decis\u00e3o da Mesa Diretora da Casa, podem ser apensadas em plen\u00e1rio. Simone, que tem por h\u00e1bito fechar a pauta do colegiado \u00e0s quintas-feiras pela manh\u00e3, disse que se os relat\u00f3rios chegarem at\u00e9 l\u00e1, pode pautar o assunto para a pr\u00f3xima semana.<\/p>\n\n\n\n<p>Se aprovados na CCJ do Senado, as PECs sobre o Fundeb seguem direto para o plen\u00e1rio da Casa, por onde precisam passar por outros dois turnos de vota\u00e7\u00e3o. Vencida essa etapa as propostas seguem para delibera\u00e7\u00e3o da C\u00e2mara dos Deputados.<\/p>\n\n\n\n<p>A discuss\u00e3o&nbsp;n\u00e3o \u00e9 nova no Congresso onde&nbsp;pelo menos&nbsp;outras duas&nbsp;PECs sobre o assunto tramitam. Al\u00e9m da PEC 15\/2015, da ex-deputada federal Raquel Muniz, h\u00e1&nbsp;ainda a PEC 24\/2017, da ex-senadora&nbsp;e atual&nbsp;deputada federal&nbsp;L\u00eddice da Mata&nbsp;(BA).<\/p>\n","protected":false},"excerpt":{"rendered":"<p>Relat\u00f3rios de duas propostas de emenda \u00e0 Constitui\u00e7\u00e3o que querem tornar o Fundo de Manuten\u00e7\u00e3o e Desenvolvimento da Educa\u00e7\u00e3o B\u00e1sica e de Valoriza\u00e7\u00e3o dos Profissionais&hellip; <\/p>\n","protected":false},"author":1,"featured_media":95044,"comment_status":"closed","ping_status":"closed","sticky":false,"template":"","format":"standard","meta":{"sfsi_plus_gutenberg_text_before_share":"","sfsi_plus_gutenberg_show_text_before_share":"","sfsi_plus_gutenberg_icon_type":"","sfsi_plus_gutenberg_icon_alignemt":"","sfsi_plus_gutenburg_max_per_row":"","footnotes":""},"categories":[14],"tags":[],"class_list":["post-95043","post","type-post","status-publish","format-standard","has-post-thumbnail","hentry","category-educacao"],"_links":{"self":[{"href":"https:\/\/www.caririemacao.com\/1\/wp-json\/wp\/v2\/posts\/95043","targetHints":{"allow":["GET"]}}],"collection":[{"href":"https:\/\/www.caririemacao.com\/1\/wp-json\/wp\/v2\/posts"}],"about":[{"href":"https:\/\/www.caririemacao.com\/1\/wp-json\/wp\/v2\/types\/post"}],"author":[{"embeddable":true,"href":"https:\/\/www.caririemacao.com\/1\/wp-json\/wp\/v2\/users\/1"}],"replies":[{"embeddable":true,"href":"https:\/\/www.caririemacao.com\/1\/wp-json\/wp\/v2\/comments?post=95043"}],"version-history":[{"count":1,"href":"https:\/\/www.caririemacao.com\/1\/wp-json\/wp\/v2\/posts\/95043\/revisions"}],"predecessor-version":[{"id":95045,"href":"https:\/\/www.caririemacao.com\/1\/wp-json\/wp\/v2\/posts\/95043\/revisions\/95045"}],"wp:featuredmedia":[{"embeddable":true,"href":"https:\/\/www.caririemacao.com\/1\/wp-json\/wp\/v2\/media\/95044"}],"wp:attachment":[{"href":"https:\/\/www.caririemacao.com\/1\/wp-json\/wp\/v2\/media?parent=95043"}],"wp:term":[{"taxonomy":"category","embeddable":true,"href":"https:\/\/www.caririemacao.com\/1\/wp-json\/wp\/v2\/categories?post=95043"},{"taxonomy":"post_tag","embeddable":true,"href":"https:\/\/www.caririemacao.com\/1\/wp-json\/wp\/v2\/tags?post=95043"}],"curies":[{"name":"wp","href":"https:\/\/api.w.org\/{rel}","templated":true}]}}