{"id":95048,"date":"2019-05-14T12:58:51","date_gmt":"2019-05-14T15:58:51","guid":{"rendered":"http:\/\/www.caririemacao.com\/1\/?p=95048"},"modified":"2019-05-14T12:58:51","modified_gmt":"2019-05-14T15:58:51","slug":"vaticano-reconhece-novo-milagre-de-irma-dulce-que-sera-proclamada-santa","status":"publish","type":"post","link":"https:\/\/www.caririemacao.com\/1\/2019\/05\/14\/vaticano-reconhece-novo-milagre-de-irma-dulce-que-sera-proclamada-santa\/","title":{"rendered":"Vaticano reconhece novo milagre de Irm\u00e3 Dulce, que ser\u00e1 proclamada santa"},"content":{"rendered":"\n<p>A religiosa baiana Maria Rita Lopes Pontes, a Irm\u00e3 Dulce, teve o seu segundo milagre reconhecido e ser\u00e1 proclamada santa pelo Vaticano.<\/p>\n\n\n\n<p>&nbsp;A informa\u00e7\u00e3o foi publicada na manh\u00e3 desta ter\u00e7a-feira (14) pelo Vatican News, canal oficial de not\u00edcias da Santa S\u00e9.<\/p>\n\n\n\n<p>Nascida em 1914 em Salvador, Irm\u00e3 Dulce, que ficou conhecida como \u201canjo bom da Bahia\u201d foi membro da Congrega\u00e7\u00e3o das Irm\u00e3s Mission\u00e1rias da Imaculada Concei\u00e7\u00e3o da M\u00e3e de Deus.<\/p>\n\n\n\n<p>Teve uma trajet\u00f3ria de f\u00e9 e obstina\u00e7\u00e3o na qual enfrentou as r\u00edgidas regras de enclausuramento da Igreja Cat\u00f3lica para prestar assist\u00eancia a comunidades pobres de Salvador, trabalho que realizou at\u00e9 a morte, em 1992.<\/p>\n\n\n\n<p>Foi respons\u00e1vel pela cria\u00e7\u00e3o das Obras Sociais Irm\u00e3 Dulce, um dos maiores complexos de sa\u00fade com servi\u00e7o gratuito do Brasil, que atualmente faz, em m\u00e9dia, 3,5 milh\u00f5es de atendimentos ambulatoriais por ano.<\/p>\n\n\n\n<p>O processo da causa da Canoniza\u00e7\u00e3o foi iniciado em janeiro de 2000 e seu primeiro milagre foi validado pela Santa S\u00e9 em 2003 pelo Papa Jo\u00e3o Paulo 2\u00ba.<\/p>\n\n\n\n<p>Em abril de 2009, o Papa Bento 16 concedeu o t\u00edtulo de Vener\u00e1vel \u00e0 freira baiana, que tornou-se a \u201cBem-aventurada Dulce dos Pobres\u201d. Ela foi beatificada dois anos depois em uma cerim\u00f4nia religiosa que reuniu 70 mil pessoas em Salvador.<\/p>\n\n\n\n<p>A canoniza\u00e7\u00e3o dever\u00e1 dar novo f\u00f4lego no culto a Irm\u00e3 Dulce, que j\u00e1 era tratada como santa por grande parte dos baianos e atrai romeiros de todo o Brasil ao seu santu\u00e1rio no largo de Roma, em Salvador.<\/p>\n\n\n\n<p>Al\u00e9m de Irm\u00e3 Dulce, o Vaticano ainda publicou um decreto no qual reconhece as virtudes heroicas e declarou como Vener\u00e1vel o religioso ga\u00facho Salvador Pinzetta, membro da Ordem dos Frades Menores Capuchinhos que morreu em 1972.<\/p>\n\n\n\n<p>O Vaticano j\u00e1 havia reconhecido&nbsp;como santos brasileiros a Madre Paulina (canonizada em 2002), o Frei Galv\u00e3o (2007), o padre Jos\u00e9 de Anchieta (2014) e os 30 m\u00e1rtires assassinados no s\u00e9culo 17 no Rio Grande do Norte (2017).<\/p>\n","protected":false},"excerpt":{"rendered":"<p>A religiosa baiana Maria Rita Lopes Pontes, a Irm\u00e3 Dulce, teve o seu segundo milagre reconhecido e ser\u00e1 proclamada santa pelo Vaticano. &nbsp;A informa\u00e7\u00e3o foi&hellip; <\/p>\n","protected":false},"author":1,"featured_media":95049,"comment_status":"closed","ping_status":"closed","sticky":false,"template":"","format":"standard","meta":{"sfsi_plus_gutenberg_text_before_share":"","sfsi_plus_gutenberg_show_text_before_share":"","sfsi_plus_gutenberg_icon_type":"","sfsi_plus_gutenberg_icon_alignemt":"","sfsi_plus_gutenburg_max_per_row":"","footnotes":""},"categories":[2],"tags":[],"class_list":["post-95048","post","type-post","status-publish","format-standard","has-post-thumbnail","hentry","category-geral"],"_links":{"self":[{"href":"https:\/\/www.caririemacao.com\/1\/wp-json\/wp\/v2\/posts\/95048","targetHints":{"allow":["GET"]}}],"collection":[{"href":"https:\/\/www.caririemacao.com\/1\/wp-json\/wp\/v2\/posts"}],"about":[{"href":"https:\/\/www.caririemacao.com\/1\/wp-json\/wp\/v2\/types\/post"}],"author":[{"embeddable":true,"href":"https:\/\/www.caririemacao.com\/1\/wp-json\/wp\/v2\/users\/1"}],"replies":[{"embeddable":true,"href":"https:\/\/www.caririemacao.com\/1\/wp-json\/wp\/v2\/comments?post=95048"}],"version-history":[{"count":1,"href":"https:\/\/www.caririemacao.com\/1\/wp-json\/wp\/v2\/posts\/95048\/revisions"}],"predecessor-version":[{"id":95050,"href":"https:\/\/www.caririemacao.com\/1\/wp-json\/wp\/v2\/posts\/95048\/revisions\/95050"}],"wp:featuredmedia":[{"embeddable":true,"href":"https:\/\/www.caririemacao.com\/1\/wp-json\/wp\/v2\/media\/95049"}],"wp:attachment":[{"href":"https:\/\/www.caririemacao.com\/1\/wp-json\/wp\/v2\/media?parent=95048"}],"wp:term":[{"taxonomy":"category","embeddable":true,"href":"https:\/\/www.caririemacao.com\/1\/wp-json\/wp\/v2\/categories?post=95048"},{"taxonomy":"post_tag","embeddable":true,"href":"https:\/\/www.caririemacao.com\/1\/wp-json\/wp\/v2\/tags?post=95048"}],"curies":[{"name":"wp","href":"https:\/\/api.w.org\/{rel}","templated":true}]}}