{"id":95052,"date":"2019-05-14T13:02:20","date_gmt":"2019-05-14T16:02:20","guid":{"rendered":"http:\/\/www.caririemacao.com\/1\/?p=95052"},"modified":"2019-05-14T13:02:20","modified_gmt":"2019-05-14T16:02:20","slug":"treze-prepara-reclamacao-formal-a-cbf-contra-arbitragem-da-serie-c","status":"publish","type":"post","link":"https:\/\/www.caririemacao.com\/1\/2019\/05\/14\/treze-prepara-reclamacao-formal-a-cbf-contra-arbitragem-da-serie-c\/","title":{"rendered":"Treze prepara reclama\u00e7\u00e3o formal \u00e0 CBF contra arbitragem da S\u00e9rie C"},"content":{"rendered":"\n<p><br>Presidente e diretor de futebol do Treze, os empres\u00e1rios Walter J\u00fanior e Ivandro Cunha Lima Neto convocaram a imprensa nesta segunda-feira (13) para comunicar que o clube estar\u00e1 formalizando nos pr\u00f3ximos dias uma reclama\u00e7\u00e3o \u00e0 CBF contra a arbitragem dos tr\u00eas jogos da equipe na S\u00e9rie C do Campeonato Brasileiro.<\/p>\n\n\n\n<p>Os dois dirigentes condenaram com veem\u00eancia as atua\u00e7\u00f5es dos \u00e1rbitros Felipe Duarte Varej\u00e3o, Marco Aur\u00e9lio Augusto Ferreira e Emerson Ricardo de Almeida Andrade, que trabalharam nos jogos contra Santa Cruz, ABC e Imperatriz-MA, respectivamente.<\/p>\n\n\n\n<p>\u2013 Na situa\u00e7\u00e3o do jogo de s\u00e1bado, no Maranh\u00e3o, se a gente consegue um gol no come\u00e7o do jogo e sai ganhando uma partida fora de casa, isso teria um efeito muito diferente para o resultado. E a gente teve um p\u00eanalti clar\u00edssimo, com um minuto de jogo, que o \u00e1rbitro estava em cima do lance e n\u00e3o marcou nada \u2013 reclamou Ivandro Neto.<\/p>\n\n\n\n<figure class=\"wp-block-image\"><img decoding=\"async\" data-src=\"https:\/\/paraibaonline.com.br\/wp-content\/uploads\/2019\/05\/IvandroNeto_WalterJr.jpg\" alt=\"\" class=\"wp-image-736702 lazyload\" src=\"data:image\/svg+xml;base64,PHN2ZyB3aWR0aD0iMSIgaGVpZ2h0PSIxIiB4bWxucz0iaHR0cDovL3d3dy53My5vcmcvMjAwMC9zdmciPjwvc3ZnPg==\" \/><\/figure>\n\n\n\n<p>Foto: Divulga\u00e7\u00e3o \u2013 Bruno Rafael \/ R\u00e1dio CBN<\/p>\n\n\n\n<p>O lance o qual se refere o diretor de futebol trezeano aconteceu logo no in\u00edcio da partida contra o Imperatriz, no \u00faltimo fim de semana, pela terceira rodada. O atacante Eduardo chutou em gol, e a bola desviou na m\u00e3o de um defensor do Cavalo de a\u00e7o, dentro da \u00e1rea.<\/p>\n\n\n\n<p>Os jogadores do Treze pediram p\u00eanalti, mas o \u00e1rbitro baiano Emerson Ricardo de Almeida Andrade deixou o lance seguir.<\/p>\n\n\n\n<p>E as reclama\u00e7\u00f5es do Galo v\u00eam desde a primeira rodada da S\u00e9rie C, ap\u00f3s um p\u00eanalti n\u00e3o marcado em cima do meia Marcelinho Para\u00edba, contra o Santa Cruz, no Arruda. A jogada aconteceu aos 41 minutos do primeiro tempo, quando o Treze vencia por 2 a 0. O camisa 10 alvinegro sofreu carga nas costas, dentro da \u00e1rea, e foi derrubado, mas o \u00e1rbitro capixaba Felipe Duarte Varej\u00e3o nada marcou.<\/p>\n\n\n\n<p>J\u00e1 no segundo jogo, contra o ABC, no Amig\u00e3o, mais um erro de arbitragem contra o Galo.<\/p>\n\n\n\n<p>O atacante Gil teve um gol anulado pelo \u00e1rbitro mineiro Marco Aur\u00e9lio Augusto Ferreira, aos 20 minutos do primeiro tempo.<\/p>\n\n\n\n<p>As imagens da TV Para\u00edba mostram que o jogador estava em posi\u00e7\u00e3o legal no momento em que recebeu o lan\u00e7amento. Sem esse gol mal anulado, o Treze acabou empatando em 0 a 0 com o ABC.<\/p>\n\n\n\n<p>\u2013 Essa \u00e9 uma situa\u00e7\u00e3o que preocupa muito, porque \u00e9 a terceira vez que acontece em tr\u00eas jogos que tivemos nesta S\u00e9rie C, sempre tendo o Treze como principal prejudicado \u2013 comentou Ivandro Neto, informando tamb\u00e9m que ainda nesta semana, junto com a presidente da FPF, Michelle Ramalho, o clube vai \u00e0 CBF cobrar provid\u00eancias.<\/p>\n\n\n\n<p>At\u00e9 agora, o Treze somou tr\u00eas empates nos tr\u00eas jogos que disputou pela terceira divis\u00e3o do Campeonato Brasileiro e ocupa a oitava coloca\u00e7\u00e3o do Grupo A da competi\u00e7\u00e3o nacional.<\/p>\n\n\n\n<p>Na pr\u00f3xima rodada, o Galo enfrenta a equipe do N\u00e1utico em jogo marcado para s\u00e1bado, a partir das 19h15, no Est\u00e1dio Amig\u00e3o.<\/p>\n","protected":false},"excerpt":{"rendered":"<p>Presidente e diretor de futebol do Treze, os empres\u00e1rios Walter J\u00fanior e Ivandro Cunha Lima Neto convocaram a imprensa nesta segunda-feira (13) para comunicar que&hellip; <\/p>\n","protected":false},"author":1,"featured_media":95053,"comment_status":"closed","ping_status":"closed","sticky":false,"template":"","format":"standard","meta":{"sfsi_plus_gutenberg_text_before_share":"","sfsi_plus_gutenberg_show_text_before_share":"","sfsi_plus_gutenberg_icon_type":"","sfsi_plus_gutenberg_icon_alignemt":"","sfsi_plus_gutenburg_max_per_row":"","footnotes":""},"categories":[13],"tags":[],"class_list":["post-95052","post","type-post","status-publish","format-standard","has-post-thumbnail","hentry","category-esportes"],"_links":{"self":[{"href":"https:\/\/www.caririemacao.com\/1\/wp-json\/wp\/v2\/posts\/95052","targetHints":{"allow":["GET"]}}],"collection":[{"href":"https:\/\/www.caririemacao.com\/1\/wp-json\/wp\/v2\/posts"}],"about":[{"href":"https:\/\/www.caririemacao.com\/1\/wp-json\/wp\/v2\/types\/post"}],"author":[{"embeddable":true,"href":"https:\/\/www.caririemacao.com\/1\/wp-json\/wp\/v2\/users\/1"}],"replies":[{"embeddable":true,"href":"https:\/\/www.caririemacao.com\/1\/wp-json\/wp\/v2\/comments?post=95052"}],"version-history":[{"count":1,"href":"https:\/\/www.caririemacao.com\/1\/wp-json\/wp\/v2\/posts\/95052\/revisions"}],"predecessor-version":[{"id":95054,"href":"https:\/\/www.caririemacao.com\/1\/wp-json\/wp\/v2\/posts\/95052\/revisions\/95054"}],"wp:featuredmedia":[{"embeddable":true,"href":"https:\/\/www.caririemacao.com\/1\/wp-json\/wp\/v2\/media\/95053"}],"wp:attachment":[{"href":"https:\/\/www.caririemacao.com\/1\/wp-json\/wp\/v2\/media?parent=95052"}],"wp:term":[{"taxonomy":"category","embeddable":true,"href":"https:\/\/www.caririemacao.com\/1\/wp-json\/wp\/v2\/categories?post=95052"},{"taxonomy":"post_tag","embeddable":true,"href":"https:\/\/www.caririemacao.com\/1\/wp-json\/wp\/v2\/tags?post=95052"}],"curies":[{"name":"wp","href":"https:\/\/api.w.org\/{rel}","templated":true}]}}