{"id":95056,"date":"2019-05-14T13:05:18","date_gmt":"2019-05-14T16:05:18","guid":{"rendered":"http:\/\/www.caririemacao.com\/1\/?p=95056"},"modified":"2019-05-14T13:05:18","modified_gmt":"2019-05-14T16:05:18","slug":"trabalhadores-sao-resgatados-em-situacao-analoga-a-escravidao-no-sertao-da-pb","status":"publish","type":"post","link":"https:\/\/www.caririemacao.com\/1\/2019\/05\/14\/trabalhadores-sao-resgatados-em-situacao-analoga-a-escravidao-no-sertao-da-pb\/","title":{"rendered":"Trabalhadores s\u00e3o resgatados em situa\u00e7\u00e3o an\u00e1loga \u00e0 escravid\u00e3o no Sert\u00e3o da PB"},"content":{"rendered":"\n<p>Uma opera\u00e7\u00e3o resgatou 12 trabalhadores que atuavam na extra\u00e7\u00e3o de caulim na cidade de Salgadinho, no Sert\u00e3o da Para\u00edba. Os trabalhadores estavam em condi\u00e7\u00f5es an\u00e1logas \u00e0 escravid\u00e3o, de acordo com informa\u00e7\u00f5es publicadas no Blog do Sakamoto, da Folha de S\u00e3o Paulo.<\/p>\n\n\n\n<p>A auditora fiscal do trabalho que coordenou a opera\u00e7\u00e3o, Gislene Stacholski, declarou que os resgatados enfrentavam condi\u00e7\u00f5es degradantes de trabalho. Eles eram descidos por cordas, em po\u00e7os abertos no solo, at\u00e9 profundidades de 40 a 60 metros da superf\u00edcie sem qualquer equipamento de prote\u00e7\u00e3o individual ou seguran\u00e7a.<\/p>\n\n\n\n<p>Os trabalhadores ainda enfrentavam calor e umidade e o risco constante de desabamento para explorar o mineral branco. N\u00e3o havia \u00e1gua pot\u00e1vel, nem banheiros. Ganhavam entre R$ 500 e R$ 600 mensais. A opera\u00e7\u00e3o contou com a participa\u00e7\u00e3o de auditores fiscais do trabalho, do Minist\u00e9rio P\u00fablico do Trabalho, da Defensoria P\u00fabica da Uni\u00e3o e da Pol\u00edcia Rodovi\u00e1ria Federal.<\/p>\n\n\n\n<p>A equipe de fiscaliza\u00e7\u00e3o est\u00e1 analisando outros correspons\u00e1veis pela explora\u00e7\u00e3o dos trabalhadores. A informa\u00e7\u00e3o sobre os empregadores ser\u00e1 revelada posteriormente para n\u00e3o atrapalhar as investiga\u00e7\u00f5es.<\/p>\n\n\n\n<p><strong>Caulim \u2013&nbsp;<\/strong>O caulim \u00e9 um mineral inerte, usado na ind\u00fastria de borracha, papel, pl\u00e1sticos, pesticidas, ra\u00e7\u00f5es, produtos farmac\u00eauticos, entre outras. A extra\u00e7\u00e3o deste min\u00e9rio na Para\u00edba j\u00e1 foi alvo, anos atr\u00e1s, de combate e investiga\u00e7\u00e3o. As cidades de Junco do Serid\u00f3 e Juazeirinho, no Serid\u00f3, tamb\u00e9m \u201cempregavam\u201d os mineradores da mesma forma.<\/p>\n\n\n\n<p><em>Reda\u00e7\u00e3o PB Debate com Click PB<\/em><\/p>\n","protected":false},"excerpt":{"rendered":"<p>Uma opera\u00e7\u00e3o resgatou 12 trabalhadores que atuavam na extra\u00e7\u00e3o de caulim na cidade de Salgadinho, no Sert\u00e3o da Para\u00edba. Os trabalhadores estavam em condi\u00e7\u00f5es an\u00e1logas&hellip; <\/p>\n","protected":false},"author":1,"featured_media":95057,"comment_status":"closed","ping_status":"closed","sticky":false,"template":"","format":"standard","meta":{"sfsi_plus_gutenberg_text_before_share":"","sfsi_plus_gutenberg_show_text_before_share":"","sfsi_plus_gutenberg_icon_type":"","sfsi_plus_gutenberg_icon_alignemt":"","sfsi_plus_gutenburg_max_per_row":"","footnotes":""},"categories":[50,2],"tags":[],"class_list":["post-95056","post","type-post","status-publish","format-standard","has-post-thumbnail","hentry","category-destaque","category-geral"],"_links":{"self":[{"href":"https:\/\/www.caririemacao.com\/1\/wp-json\/wp\/v2\/posts\/95056","targetHints":{"allow":["GET"]}}],"collection":[{"href":"https:\/\/www.caririemacao.com\/1\/wp-json\/wp\/v2\/posts"}],"about":[{"href":"https:\/\/www.caririemacao.com\/1\/wp-json\/wp\/v2\/types\/post"}],"author":[{"embeddable":true,"href":"https:\/\/www.caririemacao.com\/1\/wp-json\/wp\/v2\/users\/1"}],"replies":[{"embeddable":true,"href":"https:\/\/www.caririemacao.com\/1\/wp-json\/wp\/v2\/comments?post=95056"}],"version-history":[{"count":1,"href":"https:\/\/www.caririemacao.com\/1\/wp-json\/wp\/v2\/posts\/95056\/revisions"}],"predecessor-version":[{"id":95058,"href":"https:\/\/www.caririemacao.com\/1\/wp-json\/wp\/v2\/posts\/95056\/revisions\/95058"}],"wp:featuredmedia":[{"embeddable":true,"href":"https:\/\/www.caririemacao.com\/1\/wp-json\/wp\/v2\/media\/95057"}],"wp:attachment":[{"href":"https:\/\/www.caririemacao.com\/1\/wp-json\/wp\/v2\/media?parent=95056"}],"wp:term":[{"taxonomy":"category","embeddable":true,"href":"https:\/\/www.caririemacao.com\/1\/wp-json\/wp\/v2\/categories?post=95056"},{"taxonomy":"post_tag","embeddable":true,"href":"https:\/\/www.caririemacao.com\/1\/wp-json\/wp\/v2\/tags?post=95056"}],"curies":[{"name":"wp","href":"https:\/\/api.w.org\/{rel}","templated":true}]}}