{"id":95067,"date":"2019-05-14T13:14:05","date_gmt":"2019-05-14T16:14:05","guid":{"rendered":"http:\/\/www.caririemacao.com\/1\/?p=95067"},"modified":"2019-05-14T13:14:05","modified_gmt":"2019-05-14T16:14:05","slug":"prefeitura-de-sume-abre-inscricao-para-sorteio-de-colocacao-de-barracas-no-sao-joao","status":"publish","type":"post","link":"https:\/\/www.caririemacao.com\/1\/2019\/05\/14\/prefeitura-de-sume-abre-inscricao-para-sorteio-de-colocacao-de-barracas-no-sao-joao\/","title":{"rendered":"Prefeitura de Sum\u00e9 abre inscri\u00e7\u00e3o para sorteio de coloca\u00e7\u00e3o de barracas no s\u00e3o jo\u00e3o"},"content":{"rendered":"\n<p>A Prefeitura de Sum\u00e9, atrav\u00e9s da Secretaria de Cultura, torna p\u00fablico o Edital de Chamamento P\u00fablico n\u00ba 01\/2019 para sorteio de coloca\u00e7\u00e3o de barracas nas festividades juninas do munic\u00edpio.<\/p>\n\n\n\n<p>Ser\u00e3o sorteadas sete barracas. Poder\u00e3o participar do processo, pessoas f\u00edsicas e ambulantes do ramo de alimentos, bebidas e refei\u00e7\u00e3o da cozinha regional. <\/p>\n\n\n\n<p>O per\u00edodo de inscri\u00e7\u00e3o vai at\u00e9 quinta-feira, 16 de maio. Os interessados dever\u00e3o preencher o cadastro dispon\u00edvel na Secretaria Municipal de Educa\u00e7\u00e3o, na Avenida Primeiro de Abril, no hor\u00e1rio de 08h \u00e0s 12h e pagar um valor de R$ 15,00. <\/p>\n\n\n\n<p>A ficha de inscri\u00e7\u00e3o deve conter nome, CPF, endere\u00e7o, telefone e toda documenta\u00e7\u00e3o exigida, em envelope lacrado, conforme estabelecido no Edital de chamamento. <\/p>\n\n\n\n<p>O Edital encontra-se dispon\u00edvel no Boletim Oficial do munic\u00edpio do dia 14 de maio de 2019 e no Setor de Licita\u00e7\u00e3o da Prefeitura. <\/p>\n\n\n\n<p>O S\u00e3o Jo\u00e3o de Sum\u00e9 ser\u00e1 realizado entre os dias 14 e 30 de junho, na Pra\u00e7a Jos\u00e9 Am\u00e9rico.<\/p>\n","protected":false},"excerpt":{"rendered":"<p>A Prefeitura de Sum\u00e9, atrav\u00e9s da Secretaria de Cultura, torna p\u00fablico o Edital de Chamamento P\u00fablico n\u00ba 01\/2019 para sorteio de coloca\u00e7\u00e3o de barracas nas&hellip; <\/p>\n","protected":false},"author":1,"featured_media":95068,"comment_status":"closed","ping_status":"closed","sticky":false,"template":"","format":"standard","meta":{"sfsi_plus_gutenberg_text_before_share":"","sfsi_plus_gutenberg_show_text_before_share":"","sfsi_plus_gutenberg_icon_type":"","sfsi_plus_gutenberg_icon_alignemt":"","sfsi_plus_gutenburg_max_per_row":"","footnotes":""},"categories":[50,2],"tags":[],"class_list":["post-95067","post","type-post","status-publish","format-standard","has-post-thumbnail","hentry","category-destaque","category-geral"],"_links":{"self":[{"href":"https:\/\/www.caririemacao.com\/1\/wp-json\/wp\/v2\/posts\/95067","targetHints":{"allow":["GET"]}}],"collection":[{"href":"https:\/\/www.caririemacao.com\/1\/wp-json\/wp\/v2\/posts"}],"about":[{"href":"https:\/\/www.caririemacao.com\/1\/wp-json\/wp\/v2\/types\/post"}],"author":[{"embeddable":true,"href":"https:\/\/www.caririemacao.com\/1\/wp-json\/wp\/v2\/users\/1"}],"replies":[{"embeddable":true,"href":"https:\/\/www.caririemacao.com\/1\/wp-json\/wp\/v2\/comments?post=95067"}],"version-history":[{"count":1,"href":"https:\/\/www.caririemacao.com\/1\/wp-json\/wp\/v2\/posts\/95067\/revisions"}],"predecessor-version":[{"id":95069,"href":"https:\/\/www.caririemacao.com\/1\/wp-json\/wp\/v2\/posts\/95067\/revisions\/95069"}],"wp:featuredmedia":[{"embeddable":true,"href":"https:\/\/www.caririemacao.com\/1\/wp-json\/wp\/v2\/media\/95068"}],"wp:attachment":[{"href":"https:\/\/www.caririemacao.com\/1\/wp-json\/wp\/v2\/media?parent=95067"}],"wp:term":[{"taxonomy":"category","embeddable":true,"href":"https:\/\/www.caririemacao.com\/1\/wp-json\/wp\/v2\/categories?post=95067"},{"taxonomy":"post_tag","embeddable":true,"href":"https:\/\/www.caririemacao.com\/1\/wp-json\/wp\/v2\/tags?post=95067"}],"curies":[{"name":"wp","href":"https:\/\/api.w.org\/{rel}","templated":true}]}}