{"id":95075,"date":"2019-05-14T15:13:25","date_gmt":"2019-05-14T18:13:25","guid":{"rendered":"http:\/\/www.caririemacao.com\/1\/?p=95075"},"modified":"2019-05-14T15:13:25","modified_gmt":"2019-05-14T18:13:25","slug":"ministro-da-educacao-nao-descarta-novos-cortes-e-bloqueios-na-pasta","status":"publish","type":"post","link":"https:\/\/www.caririemacao.com\/1\/2019\/05\/14\/ministro-da-educacao-nao-descarta-novos-cortes-e-bloqueios-na-pasta\/","title":{"rendered":"Ministro da Educa\u00e7\u00e3o n\u00e3o descarta novos cortes e bloqueios na pasta"},"content":{"rendered":"\n<p>O ministro da Educa\u00e7\u00e3o, Abraham Weintraub, n\u00e3o descartou novos bloqueios no or\u00e7amento da pasta ap\u00f3s previs\u00e3o de crescimento menor da economia.<\/p>\n\n\n\n<p>A equipe econ\u00f4mica do governo Jair Bolsonaro (PSL) far\u00e1 uma revis\u00e3o de crescimento da economia para entre 1,5% \u00e9 2% neste ano.<\/p>\n\n\n\n<p>Isso pode levar a um bloqueio de at\u00e9 R$ 10 bilh\u00f5es -o que se somaria aos mais de R$ 30 bilh\u00f5es de contingenciamento de todo o governo.<\/p>\n\n\n\n<p>O MEC (Minist\u00e9rio da Educa\u00e7\u00e3o) sofreu congelamento de R$ 7,4 bilh\u00f5es. Weintraub tem insistido que o descongelamento desses recursos depende da aprova\u00e7\u00e3o da reforma da Previd\u00eancia. Mas com a informa\u00e7\u00e3o de revis\u00e3o do crescimento da economia, novos cortes n\u00e3o est\u00e3o descartados.<\/p>\n\n\n\n<p>\u201cVou perguntar para o [ministro da Economia] Paulo Guedes especificamente sobre isso. Hoje n\u00e3o tenho como antecipar\u201d, disse.<\/p>\n\n\n\n<p>\u201cA \u00fanica certeza na vida \u00e9 a morte e os impostos\u201d, completou ele, ao ser questionado se a Educa\u00e7\u00e3o estaria blindada.<br>O ministro recebeu jornalistas em um caf\u00e9 da amanh\u00e3 nesta ter\u00e7a-feira (15).<\/p>\n\n\n\n<p>Ele apresentou informa\u00e7\u00f5es j\u00e1 prestadas no Senado na \u00faltima semana e reafirmou que a prioridade do governo na \u00e1rea ser\u00e1 a educa\u00e7\u00e3o infantil, embora n\u00e3o tenha detalhado qualquer a\u00e7\u00e3o.<\/p>\n\n\n\n<p>Os bloqueios de or\u00e7amento no MEC atingiram recursos que v\u00e3o da educa\u00e7\u00e3o infantil \u00e0 p\u00f3s-gradua\u00e7\u00e3o. Nas universidades federais, chegam a R$ 2 bilh\u00f5es, o que representa 30% da verba discricion\u00e1ria (que n\u00e3o conta sal\u00e1rios, por exemplo).<\/p>\n\n\n\n<p>Apesar dos cortes, Weintraub, que \u00e9 economista, indicou que a decis\u00e3o sobre o impacto que a educa\u00e7\u00e3o ter\u00e1 ser\u00e1 da \u00e1rea econ\u00f4mica.<\/p>\n\n\n\n<p>\u201c\u00c9 dif\u00edcil ver algu\u00e9m de um minist\u00e9rio social se recusando a atacar o minist\u00e9rio da Economia se ele estiver fazendo o trabalho dele. Eu vou bater de m\u00e3o fechada se eles forem contingenciar o contingenciado. Eu tenho condi\u00e7\u00e3o de saber se eles est\u00e3o fazendo um trabalho direito\u201d.<\/p>\n\n\n\n<p>Entidades educacionais, estudantes e professores convocaram para esta quarta-feira (15) uma s\u00e9rie manifesta\u00e7\u00f5es pelo Brasil. Weintraub n\u00e3o quis comentar o assunto.<\/p>\n\n\n\n<p>O MEC convocou a presen\u00e7a da For\u00e7a Nacional, que j\u00e1 est\u00e1 presente diante da pasta nesta ter\u00e7a. O secret\u00e1rio executivo do MEC, Antonio Paulo Vogel, disse que o chamado foi feito por precau\u00e7\u00e3o.<\/p>\n\n\n\n<p>\u201cSe a gente n\u00e3o chama, a gente \u00e9 responsabilidade\u201d, disse.<\/p>\n","protected":false},"excerpt":{"rendered":"<p>O ministro da Educa\u00e7\u00e3o, Abraham Weintraub, n\u00e3o descartou novos bloqueios no or\u00e7amento da pasta ap\u00f3s previs\u00e3o de crescimento menor da economia. A equipe econ\u00f4mica do&hellip; <\/p>\n","protected":false},"author":1,"featured_media":91017,"comment_status":"closed","ping_status":"closed","sticky":false,"template":"","format":"standard","meta":{"sfsi_plus_gutenberg_text_before_share":"","sfsi_plus_gutenberg_show_text_before_share":"","sfsi_plus_gutenberg_icon_type":"","sfsi_plus_gutenberg_icon_alignemt":"","sfsi_plus_gutenburg_max_per_row":"","footnotes":""},"categories":[11],"tags":[],"class_list":["post-95075","post","type-post","status-publish","format-standard","has-post-thumbnail","hentry","category-politica"],"_links":{"self":[{"href":"https:\/\/www.caririemacao.com\/1\/wp-json\/wp\/v2\/posts\/95075","targetHints":{"allow":["GET"]}}],"collection":[{"href":"https:\/\/www.caririemacao.com\/1\/wp-json\/wp\/v2\/posts"}],"about":[{"href":"https:\/\/www.caririemacao.com\/1\/wp-json\/wp\/v2\/types\/post"}],"author":[{"embeddable":true,"href":"https:\/\/www.caririemacao.com\/1\/wp-json\/wp\/v2\/users\/1"}],"replies":[{"embeddable":true,"href":"https:\/\/www.caririemacao.com\/1\/wp-json\/wp\/v2\/comments?post=95075"}],"version-history":[{"count":1,"href":"https:\/\/www.caririemacao.com\/1\/wp-json\/wp\/v2\/posts\/95075\/revisions"}],"predecessor-version":[{"id":95076,"href":"https:\/\/www.caririemacao.com\/1\/wp-json\/wp\/v2\/posts\/95075\/revisions\/95076"}],"wp:featuredmedia":[{"embeddable":true,"href":"https:\/\/www.caririemacao.com\/1\/wp-json\/wp\/v2\/media\/91017"}],"wp:attachment":[{"href":"https:\/\/www.caririemacao.com\/1\/wp-json\/wp\/v2\/media?parent=95075"}],"wp:term":[{"taxonomy":"category","embeddable":true,"href":"https:\/\/www.caririemacao.com\/1\/wp-json\/wp\/v2\/categories?post=95075"},{"taxonomy":"post_tag","embeddable":true,"href":"https:\/\/www.caririemacao.com\/1\/wp-json\/wp\/v2\/tags?post=95075"}],"curies":[{"name":"wp","href":"https:\/\/api.w.org\/{rel}","templated":true}]}}