{"id":95079,"date":"2019-05-14T15:18:45","date_gmt":"2019-05-14T18:18:45","guid":{"rendered":"http:\/\/www.caririemacao.com\/1\/?p=95079"},"modified":"2019-05-14T15:18:45","modified_gmt":"2019-05-14T18:18:45","slug":"trabalhadores-da-educacao-paralisam-atividades-nesta-quarta-feira","status":"publish","type":"post","link":"https:\/\/www.caririemacao.com\/1\/2019\/05\/14\/trabalhadores-da-educacao-paralisam-atividades-nesta-quarta-feira\/","title":{"rendered":"Trabalhadores da educa\u00e7\u00e3o paralisam atividades nesta quarta-feira"},"content":{"rendered":"\n<p>Trabalhadores da educa\u00e7\u00e3o realizar\u00e3o nesta quarta-feira (14), um protesto que ter\u00e1 concentra\u00e7\u00e3o no Liceu Paraibano e seguir\u00e1 at\u00e9 o Ponto de Cem Reis, em Jo\u00e3o Pessoa. A mobiliza\u00e7\u00e3o, que faz parte do Dia&nbsp;Nacional de Greve na Educa\u00e7\u00e3o&nbsp;\u00e9 contra os cortes de mais de 30% no or\u00e7amento das institui\u00e7\u00f5es federais de ensino. Durante a paralisa\u00e7\u00e3o, n\u00e3o haver\u00e1 aula nas Universidades e institui\u00e7\u00f5es federais.<\/p>\n\n\n\n<p>Al\u00e9m do corte no or\u00e7amento, tamb\u00e9m houve a&nbsp;suspens\u00e3o de bolsas de p\u00f3s-gradua\u00e7\u00e3o da Coordena\u00e7\u00e3o de Aperfei\u00e7oamento de Pessoal de N\u00edvel Superior (Capes).<br><\/p>\n\n\n\n<p>Sindicatos de diversas categorias e centrais sindicais tamb\u00e9m confirmaram presen\u00e7a na mobiliza\u00e7\u00e3o.<\/p>\n\n\n\n<p>Segundo um dos organizadores da atividade, Marcelo Sitcovsky a paralisa\u00e7\u00e3o \u00e9 para mostrar a for\u00e7a e a import\u00e2ncia das institui\u00e7\u00f5es. &#8220;Esse corte feito pelo&nbsp;governo de Bolsonaro inviabiliza boa parte do or\u00e7amento das institui\u00e7\u00f5es federais de ensino e colocam em cheque a educa\u00e7\u00e3o p\u00fablica do pa\u00eds&#8221;, explicou.<\/p>\n\n\n\n<p>Ainda segundo ele, a paralisa\u00e7\u00e3o&nbsp;promete ser hist\u00f3rica e tamb\u00e9m servir\u00e1 de \u201cesquenta\u201d para a greve geral marcada para o dia 14 junho contra a \u201creforma\u201d da Previd\u00eancia do governo de Jair Bolsonaro (PSL).<\/p>\n","protected":false},"excerpt":{"rendered":"<p>Trabalhadores da educa\u00e7\u00e3o realizar\u00e3o nesta quarta-feira (14), um protesto que ter\u00e1 concentra\u00e7\u00e3o no Liceu Paraibano e seguir\u00e1 at\u00e9 o Ponto de Cem Reis, em Jo\u00e3o&hellip; <\/p>\n","protected":false},"author":1,"featured_media":95080,"comment_status":"closed","ping_status":"closed","sticky":false,"template":"","format":"standard","meta":{"sfsi_plus_gutenberg_text_before_share":"","sfsi_plus_gutenberg_show_text_before_share":"","sfsi_plus_gutenberg_icon_type":"","sfsi_plus_gutenberg_icon_alignemt":"","sfsi_plus_gutenburg_max_per_row":"","footnotes":""},"categories":[50,14],"tags":[],"class_list":["post-95079","post","type-post","status-publish","format-standard","has-post-thumbnail","hentry","category-destaque","category-educacao"],"_links":{"self":[{"href":"https:\/\/www.caririemacao.com\/1\/wp-json\/wp\/v2\/posts\/95079","targetHints":{"allow":["GET"]}}],"collection":[{"href":"https:\/\/www.caririemacao.com\/1\/wp-json\/wp\/v2\/posts"}],"about":[{"href":"https:\/\/www.caririemacao.com\/1\/wp-json\/wp\/v2\/types\/post"}],"author":[{"embeddable":true,"href":"https:\/\/www.caririemacao.com\/1\/wp-json\/wp\/v2\/users\/1"}],"replies":[{"embeddable":true,"href":"https:\/\/www.caririemacao.com\/1\/wp-json\/wp\/v2\/comments?post=95079"}],"version-history":[{"count":1,"href":"https:\/\/www.caririemacao.com\/1\/wp-json\/wp\/v2\/posts\/95079\/revisions"}],"predecessor-version":[{"id":95081,"href":"https:\/\/www.caririemacao.com\/1\/wp-json\/wp\/v2\/posts\/95079\/revisions\/95081"}],"wp:featuredmedia":[{"embeddable":true,"href":"https:\/\/www.caririemacao.com\/1\/wp-json\/wp\/v2\/media\/95080"}],"wp:attachment":[{"href":"https:\/\/www.caririemacao.com\/1\/wp-json\/wp\/v2\/media?parent=95079"}],"wp:term":[{"taxonomy":"category","embeddable":true,"href":"https:\/\/www.caririemacao.com\/1\/wp-json\/wp\/v2\/categories?post=95079"},{"taxonomy":"post_tag","embeddable":true,"href":"https:\/\/www.caririemacao.com\/1\/wp-json\/wp\/v2\/tags?post=95079"}],"curies":[{"name":"wp","href":"https:\/\/api.w.org\/{rel}","templated":true}]}}