{"id":95083,"date":"2019-05-14T15:23:49","date_gmt":"2019-05-14T18:23:49","guid":{"rendered":"http:\/\/www.caririemacao.com\/1\/?p=95083"},"modified":"2019-05-14T15:23:49","modified_gmt":"2019-05-14T18:23:49","slug":"joao-azevedo-anuncia-construcao-de-56-ginasios-na-paraiba-oito-escolas-do-cariri-sao-contempladas","status":"publish","type":"post","link":"https:\/\/www.caririemacao.com\/1\/2019\/05\/14\/joao-azevedo-anuncia-construcao-de-56-ginasios-na-paraiba-oito-escolas-do-cariri-sao-contempladas\/","title":{"rendered":"Jo\u00e3o Azev\u00eado anuncia constru\u00e7\u00e3o de 56 gin\u00e1sios na Para\u00edba; Oito escolas do Cariri s\u00e3o contempladas"},"content":{"rendered":"\n<p>O governador Jo\u00e3o Azev\u00eado anunciou, nessa segunda-feira (13), durante o programa semanal \u2018Fala, governador\u2019, transmitido em cadeia estadual pela R\u00e1dio Tabajara, que o processo licitat\u00f3rio para a constru\u00e7\u00e3o de 56 gin\u00e1sios em escolas estaduais da Para\u00edba ser\u00e1 iniciado em breve. De acordo com ele, o programa Bom de Bola, lan\u00e7ado no in\u00edcio deste ano, prev\u00ea, no total, a implanta\u00e7\u00e3o de 90 gin\u00e1sios em unidades de ensino da rede estadual.<\/p>\n\n\n\n<p>Na regi\u00e3o do cariri, oito unidades escolares foram contempladas e as cidades de&nbsp;<strong>Assun\u00e7\u00e3o, Boqueir\u00e3o, Boa Vista, Livramento, Parari, Santo Andr\u00e9, S\u00e3o Jo\u00e3o do Cariri e Tapero\u00e1<\/strong>&nbsp;estar\u00e3o ganhando novos espa\u00e7os para a pr\u00e1tica de esporte e lazer nas respectivas escolas, que foram beneficiadas na primeira etapa do programa Bom de Bola.<\/p>\n\n\n\n<p>O chefe do Executivo explicou que j\u00e1 se reuniu com o secret\u00e1rio de Educa\u00e7\u00e3o, Al\u00e9ssio Trindade, e com a superintendente da Suplan, Simone Guimar\u00e3es, para estabelecer mais uma a\u00e7\u00e3o relevante na \u00e1rea da Educa\u00e7\u00e3o. \u201cN\u00f3s lan\u00e7amos o programa Bom de Bola, que representa a constru\u00e7\u00e3o de 90 gin\u00e1sios em escolas estaduais que n\u00e3o t\u00eam o equipamento e que disp\u00f5em do terreno livre para a constru\u00e7\u00e3o, o que significa um avan\u00e7o extremamente importante\u201d, pontuou.<\/p>\n\n\n\n<p>Jo\u00e3o Azev\u00eado tamb\u00e9m lembrou que a Educa\u00e7\u00e3o tem sido a principal demanda da popula\u00e7\u00e3o paraibana nas plen\u00e1rias do Or\u00e7amento Democr\u00e1tico.&nbsp; \u201cHoje, a gente percebe nitidamente que a maioria das reivindica\u00e7\u00f5es se trata de reforma e amplia\u00e7\u00e3o de escolas e constru\u00e7\u00f5es de gin\u00e1sios, ou seja, a educa\u00e7\u00e3o se tornou o pleito mais importante, o que \u00e9 natural porque as pessoas enxergam as outras escolas que passaram por um processo de reforma numa condi\u00e7\u00e3o melhor e todos os alunos anseiam por isso tamb\u00e9m\u201d, observou.<\/p>\n\n\n\n<p>Ele ainda assegurou que a gest\u00e3o estadual trabalha para que toda a Rede de Ensino seja recuperada at\u00e9 2022. \u201cDas 662 escolas estaduais, n\u00f3s j\u00e1 fizemos reformas em quase 400 na gest\u00e3o passada e estamos trabalhando para que at\u00e9 o fim do nosso Governo, tenhamos toda a rede recuperada; esta \u00e9 uma meta que buscamos estabelecer\u201d, adiantou.<\/p>\n\n\n\n<p><strong>Confira a rela\u00e7\u00e3o de Escolas beneficiadas na primeira etapa do programa Bom de Bola:<\/strong><\/p>\n\n\n\n<p>&nbsp;ECIT Renato Ribeiro Coutinho (Alhandra)<\/p>\n\n\n\n<p><strong>EEEFM Jo\u00e3o Rog\u00e9rio D. Toledo (Assun\u00e7\u00e3o)<\/strong><\/p>\n\n\n\n<p><strong>EEEFM&nbsp; Teodosio de Oliveira Ledo (Boa Vista)<\/strong><\/p>\n\n\n\n<p>ECI Auricelia Maria da Costa (Caapor\u00e3)<\/p>\n\n\n\n<p>ECI Imaculada Concei\u00e7\u00e3o (Cabedelo)<\/p>\n\n\n\n<p>ECIT Ilza de Almeida Ribeiro (Conde)<\/p>\n\n\n\n<p>EEEFM Dep. Fernando Milanez (Cruz do Esp\u00edrito Santo)<\/p>\n\n\n\n<p>ECIT Jo\u00e3o Roberto Borges (Jo\u00e3o Pessoa)<\/p>\n\n\n\n<p>ECI Luiz Gonzaga de Albuquerque Burity&nbsp; (Jo\u00e3o Pessoa)<\/p>\n\n\n\n<p>ECI Jos\u00e9 do Patroc\u00ednio&nbsp; (Jo\u00e3o Pessoa)<\/p>\n\n\n\n<p>ECI Luzia Sim\u00f5es Bartollini&nbsp; (Jo\u00e3o Pessoa)<\/p>\n\n\n\n<p>ECIT Mestre Sivuca&nbsp; (Jo\u00e3o Pessoa)<\/p>\n\n\n\n<p>EEEF Gov Ant\u00f4nio Mariz&nbsp; (Jo\u00e3o Pessoa)<\/p>\n\n\n\n<p>EEEF Fernando Cunha Lima\/Rebeca Cristina Alves Sim\u00f5es&nbsp; (Jo\u00e3o Pessoa)<\/p>\n\n\n\n<p>EEEFM Jos\u00e9 Baptista De Melo&nbsp; (Jo\u00e3o Pessoa)<\/p>\n\n\n\n<p>EEEF Tenente Lucena&nbsp; (Jo\u00e3o Pessoa)<\/p>\n\n\n\n<p>ECI Francisco Pessoa de Brito (Ara\u00e7agi)<\/p>\n\n\n\n<p>ECI Benjamin Maranh\u00e3o (Araruna)<\/p>\n\n\n\n<p>ECIT Jos\u00e9 Rocha Sobrinho ( Bananeiras)<\/p>\n\n\n\n<p>ECI Efig\u00eanio Leite (Borborema)<\/p>\n\n\n\n<p>ECI Humberto Lucena (Cacimba de Dentro)<\/p>\n\n\n\n<p>EEEF PE. Geraldo da s. Pinto (Sol\u00e2nea)<\/p>\n\n\n\n<p>ENE Oswaldo T de Alburquerque Melo (Alagoa Grande)<\/p>\n\n\n\n<p><strong>EEEF Severino Barbosa Camelo (Boqueir\u00e3o)&nbsp;<\/strong><\/p>\n\n\n\n<p>ECI Monte Carmelo (Campina Grande)<\/p>\n\n\n\n<p>ECI Itan Pereira (Campina Grande)<\/p>\n\n\n\n<p>ECI Irm\u00e3 Stefanie (Campina Grande)<\/p>\n\n\n\n<p>ECI Assis Chateaubriand (Campina Grande)<\/p>\n\n\n\n<p>EEEF Ant\u00f4nio Oliveira (Campina Grande)<\/p>\n\n\n\n<p>EEEF Carlos Drumond de Andrade (Campina Grande)<\/p>\n\n\n\n<p>EEEF Major Veneziano Vital do Rego (Campina Grande)<\/p>\n\n\n\n<p>EEEF Senador Argemiro de Figueiredo (Campina Grande)<\/p>\n\n\n\n<p><strong>ECI Jo\u00e3o Lelys (Livramento)<\/strong><\/p>\n\n\n\n<p>EEEFM Mons Jose Borges (S\u00e3o Sebasti\u00e3o de Lagoa de Ro\u00e7a)<\/p>\n\n\n\n<p>EEEFM Jose Luiz Neto (Barra de Santa Rosa)<\/p>\n\n\n\n<p>ECI Francisco Marques de Melo (Dami\u00e3o)<\/p>\n\n\n\n<p><strong>EEEFM Jairo Aires Caluete (Parari)<\/strong><\/p>\n\n\n\n<p><strong>EEEFM Dep Alvaro G Queiroz (Santo Andr\u00e9)<\/strong><\/p>\n\n\n\n<p>EEEFM DR Antonio F Medeiros (Malta)<\/p>\n\n\n\n<p>EEEFM Agenor Mendes Pedrosa (Aguiar)<\/p>\n\n\n\n<p>ECI Adilina de Souza Diniz (Diamante)<\/p>\n\n\n\n<p>EEEF Dr Felizardo Leite (Santana dos Garrotes)<\/p>\n\n\n\n<p>ECI Padre Aristides (Bom Sucesso)<\/p>\n\n\n\n<p>EEEF Daniel Carneiro (Riacho dos Cavalos)<\/p>\n\n\n\n<p>EEEFM Jo\u00e3o Silveira Guimar\u00e3es (S\u00e3o Bento)<\/p>\n\n\n\n<p>EEEFM S\u00e3o Jos\u00e9 Oper\u00e1rio (Joca Claudino)<\/p>\n\n\n\n<p>ENE S\u00e3o Jos\u00e9 (S\u00e3o Jos\u00e9 de Piranhas)<\/p>\n\n\n\n<p>EEEFM Bernardino Jos\u00e9 Batista (Triunfo)<\/p>\n\n\n\n<p>EEEFM Nestorina Abrantes (Lastro)<\/p>\n\n\n\n<p>EEEFM Ant\u00f4nio Greg\u00f3rio De Lacerda (S\u00e3o Jos\u00e9 de Lagoa Tapada)<\/p>\n\n\n\n<p>EEEFM Ant\u00f4nio Teodoro Neto (Sousa)<\/p>\n\n\n\n<p>EEEFM Celso Mariz (Sousa)<\/p>\n\n\n\n<p><strong>ECI Melquiades Vilar (Tapero\u00e1)<\/strong><\/p>\n\n\n\n<p><strong>ECI Jos\u00e9 Leal Ramos (S\u00e3o Jo\u00e3o do Cariri)<\/strong><\/p>\n\n\n\n<p>ECI Luiz Gonzaga Burity (Ing\u00e1)<\/p>\n\n\n\n<p>ECI Dr Trajano Pires da N\u00f3brega (Condado)<\/p>\n\n\n\n<p>EEEFM Francisco de S\u00e1 Cavalcante (Paulista)<\/p>\n\n\n\n<p>ECIT C\u00edcero Severo Lopes (S\u00e3o Domingos)<\/p>\n\n\n\n<p>EEIEFM Pedro Poti (Ba\u00eda da Trai\u00e7\u00e3o)<\/p>\n\n\n\n<p>EEEFM Pedro Poti (Mataraca)<\/p>\n\n\n\n<p><strong>De Olho no Cariri<\/strong><\/p>\n","protected":false},"excerpt":{"rendered":"<p>O governador Jo\u00e3o Azev\u00eado anunciou, nessa segunda-feira (13), durante o programa semanal \u2018Fala, governador\u2019, transmitido em cadeia estadual pela R\u00e1dio Tabajara, que o processo licitat\u00f3rio&hellip; <\/p>\n","protected":false},"author":1,"featured_media":92357,"comment_status":"closed","ping_status":"closed","sticky":false,"template":"","format":"standard","meta":{"sfsi_plus_gutenberg_text_before_share":"","sfsi_plus_gutenberg_show_text_before_share":"","sfsi_plus_gutenberg_icon_type":"","sfsi_plus_gutenberg_icon_alignemt":"","sfsi_plus_gutenburg_max_per_row":"","footnotes":""},"categories":[11],"tags":[],"class_list":["post-95083","post","type-post","status-publish","format-standard","has-post-thumbnail","hentry","category-politica"],"_links":{"self":[{"href":"https:\/\/www.caririemacao.com\/1\/wp-json\/wp\/v2\/posts\/95083","targetHints":{"allow":["GET"]}}],"collection":[{"href":"https:\/\/www.caririemacao.com\/1\/wp-json\/wp\/v2\/posts"}],"about":[{"href":"https:\/\/www.caririemacao.com\/1\/wp-json\/wp\/v2\/types\/post"}],"author":[{"embeddable":true,"href":"https:\/\/www.caririemacao.com\/1\/wp-json\/wp\/v2\/users\/1"}],"replies":[{"embeddable":true,"href":"https:\/\/www.caririemacao.com\/1\/wp-json\/wp\/v2\/comments?post=95083"}],"version-history":[{"count":1,"href":"https:\/\/www.caririemacao.com\/1\/wp-json\/wp\/v2\/posts\/95083\/revisions"}],"predecessor-version":[{"id":95084,"href":"https:\/\/www.caririemacao.com\/1\/wp-json\/wp\/v2\/posts\/95083\/revisions\/95084"}],"wp:featuredmedia":[{"embeddable":true,"href":"https:\/\/www.caririemacao.com\/1\/wp-json\/wp\/v2\/media\/92357"}],"wp:attachment":[{"href":"https:\/\/www.caririemacao.com\/1\/wp-json\/wp\/v2\/media?parent=95083"}],"wp:term":[{"taxonomy":"category","embeddable":true,"href":"https:\/\/www.caririemacao.com\/1\/wp-json\/wp\/v2\/categories?post=95083"},{"taxonomy":"post_tag","embeddable":true,"href":"https:\/\/www.caririemacao.com\/1\/wp-json\/wp\/v2\/tags?post=95083"}],"curies":[{"name":"wp","href":"https:\/\/api.w.org\/{rel}","templated":true}]}}