{"id":95090,"date":"2019-05-14T19:45:35","date_gmt":"2019-05-14T22:45:35","guid":{"rendered":"http:\/\/www.caririemacao.com\/1\/?p=95090"},"modified":"2019-05-14T19:45:35","modified_gmt":"2019-05-14T22:45:35","slug":"sem-credito-suplementar-bolsa-familia-para-em-setembro-diz-guedes","status":"publish","type":"post","link":"https:\/\/www.caririemacao.com\/1\/2019\/05\/14\/sem-credito-suplementar-bolsa-familia-para-em-setembro-diz-guedes\/","title":{"rendered":"Sem cr\u00e9dito suplementar, Bolsa Fam\u00edlia para em setembro, diz Guedes"},"content":{"rendered":"\n<p>O ministro da Economia, Paulo Guedes, disse que, se o Congresso Nacional n\u00e3o aprovar o projeto de cr\u00e9dito suplementar de R$ 248 bilh\u00f5es, necess\u00e1rio para cumprir a regra de ouro, travar\u00e1 os pagamentos do governo.<\/p>\n\n\n\n<p>De acordo com o ministro, sem o cr\u00e9dito, os pagamentos de subs\u00eddios param em junho, de benef\u00edcios assistenciais em agosto e, do Bolsa Fam\u00edlia, em setembro. \u201cTenho que apostar que o Congresso vai aprovar o cr\u00e9dito suplementar\u201d, completou ele, durante audi\u00eancia da Comiss\u00e3o Mista de Or\u00e7amento (CMO).&nbsp;<\/p>\n\n\n\n<p>Guedes refor\u00e7ou a necessidade de aprova\u00e7\u00e3o da reforma da Previd\u00eancia e disse que o crescimento desses gastos pode impedir a tentativa do governo de \u201csalvar o Pa\u00eds\u201d. \u201cPode n\u00e3o dar tempo\u201d, afirmou.&nbsp;<\/p>\n\n\n\n<p>Eles ponderou ainda que, como ministro da Economia, \u201cmanda muito pouco\u201d e que n\u00e3o \u00e9 ele quem decide onde s\u00e3o feitos cortes or\u00e7ament\u00e1rios, j\u00e1 que o presidente Jair Bolsonaro indica as prioridades do governo. \u201cAs pessoas acham que eu tenho muito mais poder do que eu tenho. O poder est\u00e1 em quem vai sancionar leis\u201d, concluiu.&nbsp;<\/p>\n","protected":false},"excerpt":{"rendered":"<p>O ministro da Economia, Paulo Guedes, disse que, se o Congresso Nacional n\u00e3o aprovar o projeto de cr\u00e9dito suplementar de R$ 248 bilh\u00f5es, necess\u00e1rio para&hellip; <\/p>\n","protected":false},"author":1,"featured_media":14039,"comment_status":"closed","ping_status":"closed","sticky":false,"template":"","format":"standard","meta":{"sfsi_plus_gutenberg_text_before_share":"","sfsi_plus_gutenberg_show_text_before_share":"","sfsi_plus_gutenberg_icon_type":"","sfsi_plus_gutenberg_icon_alignemt":"","sfsi_plus_gutenburg_max_per_row":"","footnotes":""},"categories":[50,2],"tags":[],"class_list":["post-95090","post","type-post","status-publish","format-standard","has-post-thumbnail","hentry","category-destaque","category-geral"],"_links":{"self":[{"href":"https:\/\/www.caririemacao.com\/1\/wp-json\/wp\/v2\/posts\/95090","targetHints":{"allow":["GET"]}}],"collection":[{"href":"https:\/\/www.caririemacao.com\/1\/wp-json\/wp\/v2\/posts"}],"about":[{"href":"https:\/\/www.caririemacao.com\/1\/wp-json\/wp\/v2\/types\/post"}],"author":[{"embeddable":true,"href":"https:\/\/www.caririemacao.com\/1\/wp-json\/wp\/v2\/users\/1"}],"replies":[{"embeddable":true,"href":"https:\/\/www.caririemacao.com\/1\/wp-json\/wp\/v2\/comments?post=95090"}],"version-history":[{"count":1,"href":"https:\/\/www.caririemacao.com\/1\/wp-json\/wp\/v2\/posts\/95090\/revisions"}],"predecessor-version":[{"id":95091,"href":"https:\/\/www.caririemacao.com\/1\/wp-json\/wp\/v2\/posts\/95090\/revisions\/95091"}],"wp:featuredmedia":[{"embeddable":true,"href":"https:\/\/www.caririemacao.com\/1\/wp-json\/wp\/v2\/media\/14039"}],"wp:attachment":[{"href":"https:\/\/www.caririemacao.com\/1\/wp-json\/wp\/v2\/media?parent=95090"}],"wp:term":[{"taxonomy":"category","embeddable":true,"href":"https:\/\/www.caririemacao.com\/1\/wp-json\/wp\/v2\/categories?post=95090"},{"taxonomy":"post_tag","embeddable":true,"href":"https:\/\/www.caririemacao.com\/1\/wp-json\/wp\/v2\/tags?post=95090"}],"curies":[{"name":"wp","href":"https:\/\/api.w.org\/{rel}","templated":true}]}}