{"id":95095,"date":"2019-05-15T08:44:36","date_gmt":"2019-05-15T11:44:36","guid":{"rendered":"http:\/\/www.caririemacao.com\/1\/?p=95095"},"modified":"2019-05-15T08:44:36","modified_gmt":"2019-05-15T11:44:36","slug":"policia-prende-acusado-e-recupera-motocicleta-roubada-na-zona-rural-em-monteiro","status":"publish","type":"post","link":"https:\/\/www.caririemacao.com\/1\/2019\/05\/15\/policia-prende-acusado-e-recupera-motocicleta-roubada-na-zona-rural-em-monteiro\/","title":{"rendered":"Policia prende acusado e recupera motocicleta roubada na zona rural em Monteiro"},"content":{"rendered":"\n<p>A Policia Militar conseguiu prender um dos assaltantes e recuperar uma motocicleta roubada na zona rural em Monteiro.<\/p>\n\n\n\n<p>O acusado foi levado para Delegacia, onde ser\u00e1 ouvido e indiciado pelo Delegado de Plant\u00e3o Dr Cristiano Santana. Conforme informa\u00e7\u00f5es do Major Samarone \u2013 Comandante do Decimo Primeiro Batalh\u00e3o de Policia Militar as diligencias continuam.<\/p>\n\n\n\n<p>Jornalismo95fm<\/p>\n","protected":false},"excerpt":{"rendered":"<p>A Policia Militar conseguiu prender um dos assaltantes e recuperar uma motocicleta roubada na zona rural em Monteiro. O acusado foi levado para Delegacia, onde&hellip; <\/p>\n","protected":false},"author":1,"featured_media":86038,"comment_status":"closed","ping_status":"closed","sticky":false,"template":"","format":"standard","meta":{"sfsi_plus_gutenberg_text_before_share":"","sfsi_plus_gutenberg_show_text_before_share":"","sfsi_plus_gutenberg_icon_type":"","sfsi_plus_gutenberg_icon_alignemt":"","sfsi_plus_gutenburg_max_per_row":"","footnotes":""},"categories":[6,50,12],"tags":[],"class_list":["post-95095","post","type-post","status-publish","format-standard","has-post-thumbnail","hentry","category-cidades","category-destaque","category-policia"],"_links":{"self":[{"href":"https:\/\/www.caririemacao.com\/1\/wp-json\/wp\/v2\/posts\/95095","targetHints":{"allow":["GET"]}}],"collection":[{"href":"https:\/\/www.caririemacao.com\/1\/wp-json\/wp\/v2\/posts"}],"about":[{"href":"https:\/\/www.caririemacao.com\/1\/wp-json\/wp\/v2\/types\/post"}],"author":[{"embeddable":true,"href":"https:\/\/www.caririemacao.com\/1\/wp-json\/wp\/v2\/users\/1"}],"replies":[{"embeddable":true,"href":"https:\/\/www.caririemacao.com\/1\/wp-json\/wp\/v2\/comments?post=95095"}],"version-history":[{"count":1,"href":"https:\/\/www.caririemacao.com\/1\/wp-json\/wp\/v2\/posts\/95095\/revisions"}],"predecessor-version":[{"id":95096,"href":"https:\/\/www.caririemacao.com\/1\/wp-json\/wp\/v2\/posts\/95095\/revisions\/95096"}],"wp:featuredmedia":[{"embeddable":true,"href":"https:\/\/www.caririemacao.com\/1\/wp-json\/wp\/v2\/media\/86038"}],"wp:attachment":[{"href":"https:\/\/www.caririemacao.com\/1\/wp-json\/wp\/v2\/media?parent=95095"}],"wp:term":[{"taxonomy":"category","embeddable":true,"href":"https:\/\/www.caririemacao.com\/1\/wp-json\/wp\/v2\/categories?post=95095"},{"taxonomy":"post_tag","embeddable":true,"href":"https:\/\/www.caririemacao.com\/1\/wp-json\/wp\/v2\/tags?post=95095"}],"curies":[{"name":"wp","href":"https:\/\/api.w.org\/{rel}","templated":true}]}}