{"id":95097,"date":"2019-05-15T08:51:04","date_gmt":"2019-05-15T11:51:04","guid":{"rendered":"http:\/\/www.caririemacao.com\/1\/?p=95097"},"modified":"2019-05-15T08:51:04","modified_gmt":"2019-05-15T11:51:04","slug":"secretarias-de-assistencia-social-e-saude-de-amparo-criaram-grupo-terapeutico-voltado-para-pessoas-que-sofrem-de-ansiedade-e-depressao","status":"publish","type":"post","link":"https:\/\/www.caririemacao.com\/1\/2019\/05\/15\/secretarias-de-assistencia-social-e-saude-de-amparo-criaram-grupo-terapeutico-voltado-para-pessoas-que-sofrem-de-ansiedade-e-depressao\/","title":{"rendered":"Secretarias de Assist\u00eancia Social e Sa\u00fade de Amparo criaram grupo terap\u00eautico voltado para pessoas que sofrem de ansiedade e depress\u00e3o"},"content":{"rendered":"\n<p> A Secretaria de Assist\u00eancia Social de Amparo em parceria com a Secretaria de Sa\u00fade iniciaram na manha desta ter\u00e7a-feira (14) \u00e0s 9h00min no CRAS, um grupo terap\u00eautico voltado para pessoas que sofrem de ansiedade e depress\u00e3o.<\/p>\n\n\n\n<p><br>As secretarias estendem o convite para toda a popula\u00e7\u00e3o que tenha vontade de participar desse grupo, os encontros ser\u00e3o realizados a cada 15 dias no CRAS sempre \u00c0s 9h00min com a psic\u00f3loga Dr Bruna Oliveira. O pr\u00f3ximo encontro est\u00e1 marcado para o dia 28 deste m\u00eas. <\/p>\n","protected":false},"excerpt":{"rendered":"<p>A Secretaria de Assist\u00eancia Social de Amparo em parceria com a Secretaria de Sa\u00fade iniciaram na manha desta ter\u00e7a-feira (14) \u00e0s 9h00min no CRAS, um&hellip; <\/p>\n","protected":false},"author":1,"featured_media":95098,"comment_status":"closed","ping_status":"closed","sticky":false,"template":"","format":"standard","meta":{"sfsi_plus_gutenberg_text_before_share":"","sfsi_plus_gutenberg_show_text_before_share":"","sfsi_plus_gutenberg_icon_type":"","sfsi_plus_gutenberg_icon_alignemt":"","sfsi_plus_gutenburg_max_per_row":"","footnotes":""},"categories":[6],"tags":[],"class_list":["post-95097","post","type-post","status-publish","format-standard","has-post-thumbnail","hentry","category-cidades"],"_links":{"self":[{"href":"https:\/\/www.caririemacao.com\/1\/wp-json\/wp\/v2\/posts\/95097","targetHints":{"allow":["GET"]}}],"collection":[{"href":"https:\/\/www.caririemacao.com\/1\/wp-json\/wp\/v2\/posts"}],"about":[{"href":"https:\/\/www.caririemacao.com\/1\/wp-json\/wp\/v2\/types\/post"}],"author":[{"embeddable":true,"href":"https:\/\/www.caririemacao.com\/1\/wp-json\/wp\/v2\/users\/1"}],"replies":[{"embeddable":true,"href":"https:\/\/www.caririemacao.com\/1\/wp-json\/wp\/v2\/comments?post=95097"}],"version-history":[{"count":1,"href":"https:\/\/www.caririemacao.com\/1\/wp-json\/wp\/v2\/posts\/95097\/revisions"}],"predecessor-version":[{"id":95099,"href":"https:\/\/www.caririemacao.com\/1\/wp-json\/wp\/v2\/posts\/95097\/revisions\/95099"}],"wp:featuredmedia":[{"embeddable":true,"href":"https:\/\/www.caririemacao.com\/1\/wp-json\/wp\/v2\/media\/95098"}],"wp:attachment":[{"href":"https:\/\/www.caririemacao.com\/1\/wp-json\/wp\/v2\/media?parent=95097"}],"wp:term":[{"taxonomy":"category","embeddable":true,"href":"https:\/\/www.caririemacao.com\/1\/wp-json\/wp\/v2\/categories?post=95097"},{"taxonomy":"post_tag","embeddable":true,"href":"https:\/\/www.caririemacao.com\/1\/wp-json\/wp\/v2\/tags?post=95097"}],"curies":[{"name":"wp","href":"https:\/\/api.w.org\/{rel}","templated":true}]}}