{"id":95100,"date":"2019-05-15T08:55:57","date_gmt":"2019-05-15T11:55:57","guid":{"rendered":"http:\/\/www.caririemacao.com\/1\/?p=95100"},"modified":"2019-05-15T08:55:57","modified_gmt":"2019-05-15T11:55:57","slug":"prefeito-sandro-moco-adquire-novos-moveis-para-a-creche-municipal","status":"publish","type":"post","link":"https:\/\/www.caririemacao.com\/1\/2019\/05\/15\/prefeito-sandro-moco-adquire-novos-moveis-para-a-creche-municipal\/","title":{"rendered":"Prefeito Sandro M\u00f4co adquire novos m\u00f3veis para a creche municipal"},"content":{"rendered":"\n<p> Depois de adquirir v\u00e1rios novos brinquedos para implementar a creche municipal, o prefeito Sandro M\u00f4co agora adquiriu um novo mobili\u00e1rio que vai trazer ainda mais conforto para alunos e professores.<\/p>\n\n\n\n<figure class=\"wp-block-image is-resized\"><img fetchpriority=\"high\" decoding=\"async\" src=\"http:\/\/www.caririemacao.com\/1\/wp-content\/uploads\/2019\/05\/1.1.jpg\" alt=\"\" class=\"wp-image-95101\" width=\"591\" height=\"296\" srcset=\"https:\/\/www.caririemacao.com\/1\/wp-content\/uploads\/2019\/05\/1.1.jpg 400w, https:\/\/www.caririemacao.com\/1\/wp-content\/uploads\/2019\/05\/1.1-300x150.jpg 300w\" sizes=\"(max-width: 591px) 100vw, 591px\" \/><\/figure>\n\n\n\n<p><br>Ao todo foram adquiridos pela gest\u00e3o municipal 4 bir\u00f4s novos e 45 conjuntos de cadeira e mesa, que j\u00e1 foram colocados a disposi\u00e7\u00e3o dos usu\u00e1rios da creche.<\/p>\n\n\n\n<figure class=\"wp-block-image is-resized\"><img decoding=\"async\" data-src=\"http:\/\/www.caririemacao.com\/1\/wp-content\/uploads\/2019\/05\/1.2.jpg\" alt=\"\" class=\"wp-image-95102 lazyload\" width=\"598\" height=\"299\" data-srcset=\"https:\/\/www.caririemacao.com\/1\/wp-content\/uploads\/2019\/05\/1.2.jpg 400w, https:\/\/www.caririemacao.com\/1\/wp-content\/uploads\/2019\/05\/1.2-300x150.jpg 300w\" data-sizes=\"(max-width: 598px) 100vw, 598px\" src=\"data:image\/svg+xml;base64,PHN2ZyB3aWR0aD0iMSIgaGVpZ2h0PSIxIiB4bWxucz0iaHR0cDovL3d3dy53My5vcmcvMjAwMC9zdmciPjwvc3ZnPg==\" style=\"--smush-placeholder-width: 598px; --smush-placeholder-aspect-ratio: 598\/299;\" \/><\/figure>\n\n\n\n<p><br>Na gest\u00e3o do prefeito Sandro, a creche tomou novas formas e praticamente foi renovada, com brinquedos, m\u00f3veis, e reformas estruturantes sempre buscando o melhor para a comunidade que utiliza os servi\u00e7os da creche municipal.<\/p>\n\n\n\n<p><br><strong>F\u00c1BIO BRITO<\/strong><\/p>\n","protected":false},"excerpt":{"rendered":"<p>Depois de adquirir v\u00e1rios novos brinquedos para implementar a creche municipal, o prefeito Sandro M\u00f4co agora adquiriu um novo mobili\u00e1rio que vai trazer ainda mais&hellip; <\/p>\n","protected":false},"author":1,"featured_media":95103,"comment_status":"closed","ping_status":"closed","sticky":false,"template":"","format":"standard","meta":{"sfsi_plus_gutenberg_text_before_share":"","sfsi_plus_gutenberg_show_text_before_share":"","sfsi_plus_gutenberg_icon_type":"","sfsi_plus_gutenberg_icon_alignemt":"","sfsi_plus_gutenburg_max_per_row":"","footnotes":""},"categories":[6],"tags":[],"class_list":["post-95100","post","type-post","status-publish","format-standard","has-post-thumbnail","hentry","category-cidades"],"_links":{"self":[{"href":"https:\/\/www.caririemacao.com\/1\/wp-json\/wp\/v2\/posts\/95100","targetHints":{"allow":["GET"]}}],"collection":[{"href":"https:\/\/www.caririemacao.com\/1\/wp-json\/wp\/v2\/posts"}],"about":[{"href":"https:\/\/www.caririemacao.com\/1\/wp-json\/wp\/v2\/types\/post"}],"author":[{"embeddable":true,"href":"https:\/\/www.caririemacao.com\/1\/wp-json\/wp\/v2\/users\/1"}],"replies":[{"embeddable":true,"href":"https:\/\/www.caririemacao.com\/1\/wp-json\/wp\/v2\/comments?post=95100"}],"version-history":[{"count":1,"href":"https:\/\/www.caririemacao.com\/1\/wp-json\/wp\/v2\/posts\/95100\/revisions"}],"predecessor-version":[{"id":95104,"href":"https:\/\/www.caririemacao.com\/1\/wp-json\/wp\/v2\/posts\/95100\/revisions\/95104"}],"wp:featuredmedia":[{"embeddable":true,"href":"https:\/\/www.caririemacao.com\/1\/wp-json\/wp\/v2\/media\/95103"}],"wp:attachment":[{"href":"https:\/\/www.caririemacao.com\/1\/wp-json\/wp\/v2\/media?parent=95100"}],"wp:term":[{"taxonomy":"category","embeddable":true,"href":"https:\/\/www.caririemacao.com\/1\/wp-json\/wp\/v2\/categories?post=95100"},{"taxonomy":"post_tag","embeddable":true,"href":"https:\/\/www.caririemacao.com\/1\/wp-json\/wp\/v2\/tags?post=95100"}],"curies":[{"name":"wp","href":"https:\/\/api.w.org\/{rel}","templated":true}]}}