{"id":95105,"date":"2019-05-15T09:00:27","date_gmt":"2019-05-15T12:00:27","guid":{"rendered":"http:\/\/www.caririemacao.com\/1\/?p=95105"},"modified":"2019-05-15T09:00:27","modified_gmt":"2019-05-15T12:00:27","slug":"fhc-alerta-para-possivel-queda-de-bolsonaro","status":"publish","type":"post","link":"https:\/\/www.caririemacao.com\/1\/2019\/05\/15\/fhc-alerta-para-possivel-queda-de-bolsonaro\/","title":{"rendered":"FHC ALERTA PARA POSS\u00cdVEL QUEDA DE BOLSONARO"},"content":{"rendered":"\n<p>&nbsp;Na ter\u00e7a-feira (14), o ex-presidente Fernando Henrique Cardoso reuniu-se com sindicalistas da For\u00e7a Sindical e insinuou que o presidente de extrema-direita Jair Bolsonaro pode cair.<\/p>\n\n\n\n<p>FHC se referiu ao tema de forma gen\u00e9rica, mas a alus\u00e3o \u00e9 clara. Reportagem do jornal O Estado de S.Paulo informa que Fernando Henrique Cardoso disse que um presidente da Rep\u00fablica que n\u00e3o tem maioria no Congresso corre o risco de perder o cargo. &#8220;FHC falava sobre o impeachment de Dilma Rousseff, afastada em 2016, e n\u00e3o citou o presidente Jair Bolsonaro, mas admitiu que o risco existe&#8221;, aponta a reportagem .<\/p>\n\n\n\n<p>Durante a reuni\u00e3o com os sindicalistas, FHC lembrou que Bolsonaro n\u00e3o conseguiu construir uma base no Congresso.<\/p>\n\n\n\n<p>Indiretamente, o ex-presidente ainda se referiu \u00e0 crise entre o n\u00facleo mais \u00edntimo de apoiadores de Bolsonaro e os militares, tomando o partido destes \u00faltimos. &#8220;Na conversa, ele pediu que os sindicatos tentem interagir mais com a universidade e com os militares que, segundo ele, \u00e9 o setor do governo Bolsonaro que tem &#8216;bom senso&#8217;, indica a&nbsp;<a href=\"https:\/\/politica.estadao.com.br\/noticias\/geral,fhc-presidente-que-nao-toma-em-consideracao-o-congresso-corre-o-risco-de-cair,70002828857\" target=\"_blank\" rel=\"noreferrer noopener\"><strong>reportagem<\/strong><\/a>.<\/p>\n","protected":false},"excerpt":{"rendered":"<p>&nbsp;Na ter\u00e7a-feira (14), o ex-presidente Fernando Henrique Cardoso reuniu-se com sindicalistas da For\u00e7a Sindical e insinuou que o presidente de extrema-direita Jair Bolsonaro pode cair.&hellip; <\/p>\n","protected":false},"author":1,"featured_media":95107,"comment_status":"closed","ping_status":"closed","sticky":false,"template":"","format":"standard","meta":{"sfsi_plus_gutenberg_text_before_share":"","sfsi_plus_gutenberg_show_text_before_share":"","sfsi_plus_gutenberg_icon_type":"","sfsi_plus_gutenberg_icon_alignemt":"","sfsi_plus_gutenburg_max_per_row":"","footnotes":""},"categories":[11],"tags":[],"class_list":["post-95105","post","type-post","status-publish","format-standard","has-post-thumbnail","hentry","category-politica"],"_links":{"self":[{"href":"https:\/\/www.caririemacao.com\/1\/wp-json\/wp\/v2\/posts\/95105","targetHints":{"allow":["GET"]}}],"collection":[{"href":"https:\/\/www.caririemacao.com\/1\/wp-json\/wp\/v2\/posts"}],"about":[{"href":"https:\/\/www.caririemacao.com\/1\/wp-json\/wp\/v2\/types\/post"}],"author":[{"embeddable":true,"href":"https:\/\/www.caririemacao.com\/1\/wp-json\/wp\/v2\/users\/1"}],"replies":[{"embeddable":true,"href":"https:\/\/www.caririemacao.com\/1\/wp-json\/wp\/v2\/comments?post=95105"}],"version-history":[{"count":1,"href":"https:\/\/www.caririemacao.com\/1\/wp-json\/wp\/v2\/posts\/95105\/revisions"}],"predecessor-version":[{"id":95106,"href":"https:\/\/www.caririemacao.com\/1\/wp-json\/wp\/v2\/posts\/95105\/revisions\/95106"}],"wp:featuredmedia":[{"embeddable":true,"href":"https:\/\/www.caririemacao.com\/1\/wp-json\/wp\/v2\/media\/95107"}],"wp:attachment":[{"href":"https:\/\/www.caririemacao.com\/1\/wp-json\/wp\/v2\/media?parent=95105"}],"wp:term":[{"taxonomy":"category","embeddable":true,"href":"https:\/\/www.caririemacao.com\/1\/wp-json\/wp\/v2\/categories?post=95105"},{"taxonomy":"post_tag","embeddable":true,"href":"https:\/\/www.caririemacao.com\/1\/wp-json\/wp\/v2\/tags?post=95105"}],"curies":[{"name":"wp","href":"https:\/\/api.w.org\/{rel}","templated":true}]}}