{"id":95108,"date":"2019-05-15T09:11:13","date_gmt":"2019-05-15T12:11:13","guid":{"rendered":"http:\/\/www.caririemacao.com\/1\/?p=95108"},"modified":"2019-05-15T09:11:13","modified_gmt":"2019-05-15T12:11:13","slug":"secretaria-de-educacao-de-monteiro-emite-nota-a-respeito-da-paralisacao-dos-transportes-escolares","status":"publish","type":"post","link":"https:\/\/www.caririemacao.com\/1\/2019\/05\/15\/secretaria-de-educacao-de-monteiro-emite-nota-a-respeito-da-paralisacao-dos-transportes-escolares\/","title":{"rendered":"Secretaria de Educa\u00e7\u00e3o de Monteiro emite nota a respeito da paralisa\u00e7\u00e3o dos transportes escolares"},"content":{"rendered":"\n<p>A Secretaria de Educa\u00e7\u00e3o, por meio de sua secret\u00e1ria Ana Lima, emitiu na manh\u00e3 desta ter\u00e7a-<br>feira,14, uma nota a respeito da paralisa\u00e7\u00e3o dos transportes escolares dos alunos da rede<br>estadual de ensino, deflagrada esta semana.<\/p>\n\n\n\n<p><br> Confira a nota:<\/p>\n\n\n\n<p style=\"text-align:left\"><br> Gostar\u00edamos de esclarecer \u00e0 popula\u00e7\u00e3o monteirense que a prefeita Anna Lorena est\u00e1 empenhada em resolver o assunto da paralisa\u00e7\u00e3o dos transportes escolares da rede estadual<br>de ensino, que \u00e9 feito em parceria com o munic\u00edpio.<\/p>\n\n\n\n<p><br> Na \u00faltima quinta-feira, 9, a gestora manteve contato com o Secret\u00e1rio de Educa\u00e7\u00e3o do Estado no intuito de agilizar a tramita\u00e7\u00e3o do conv\u00eanio e os respectivos pagamento dos transportes<br>dos estudantes da rede estadual.<\/p>\n\n\n\n<p><br> J\u00e1 na manh\u00e3 desta segunda-feira, 13, a prefeita Anna Lorena esteve em Jo\u00e3o Pessoa e voltou a<br>cobrar a publica\u00e7\u00e3o do conv\u00eanio no Di\u00e1rio Oficial do Estado, o que dever\u00e1 ocorrer ainda esta semana.<\/p>\n\n\n\n<p><br> Acreditamos que at\u00e9 sexta-feira o documento seja publicado no Di\u00e1rio Oficial do Estado e o  pagamento regularizado.<\/p>\n\n\n\n<p><br> Pedimos, e desde j\u00e1 agradecemos a compreens\u00e3o a respeito destes transtornos, que esperamos ser solucionado o mais breve poss\u00edvel.<\/p>\n\n\n\n<p><br>Finalizando, informamos que a Prefeitura de Monteiro vem empenhando esfor\u00e7os para solucionar o problema o mais r\u00e1pido poss\u00edvel, ao tempo que nos disponibilizamos para<br> quaisquer outros esclarecimentos, reafirmando o nosso compromisso para uma educa\u00e7\u00e3o de qualidade aos jovens monteirenses.<\/p>\n","protected":false},"excerpt":{"rendered":"<p>A Secretaria de Educa\u00e7\u00e3o, por meio de sua secret\u00e1ria Ana Lima, emitiu na manh\u00e3 desta ter\u00e7a-feira,14, uma nota a respeito da paralisa\u00e7\u00e3o dos transportes escolares&hellip; <\/p>\n","protected":false},"author":1,"featured_media":95109,"comment_status":"closed","ping_status":"closed","sticky":false,"template":"","format":"standard","meta":{"sfsi_plus_gutenberg_text_before_share":"","sfsi_plus_gutenberg_show_text_before_share":"","sfsi_plus_gutenberg_icon_type":"","sfsi_plus_gutenberg_icon_alignemt":"","sfsi_plus_gutenburg_max_per_row":"","footnotes":""},"categories":[6,50],"tags":[],"class_list":["post-95108","post","type-post","status-publish","format-standard","has-post-thumbnail","hentry","category-cidades","category-destaque"],"_links":{"self":[{"href":"https:\/\/www.caririemacao.com\/1\/wp-json\/wp\/v2\/posts\/95108","targetHints":{"allow":["GET"]}}],"collection":[{"href":"https:\/\/www.caririemacao.com\/1\/wp-json\/wp\/v2\/posts"}],"about":[{"href":"https:\/\/www.caririemacao.com\/1\/wp-json\/wp\/v2\/types\/post"}],"author":[{"embeddable":true,"href":"https:\/\/www.caririemacao.com\/1\/wp-json\/wp\/v2\/users\/1"}],"replies":[{"embeddable":true,"href":"https:\/\/www.caririemacao.com\/1\/wp-json\/wp\/v2\/comments?post=95108"}],"version-history":[{"count":1,"href":"https:\/\/www.caririemacao.com\/1\/wp-json\/wp\/v2\/posts\/95108\/revisions"}],"predecessor-version":[{"id":95110,"href":"https:\/\/www.caririemacao.com\/1\/wp-json\/wp\/v2\/posts\/95108\/revisions\/95110"}],"wp:featuredmedia":[{"embeddable":true,"href":"https:\/\/www.caririemacao.com\/1\/wp-json\/wp\/v2\/media\/95109"}],"wp:attachment":[{"href":"https:\/\/www.caririemacao.com\/1\/wp-json\/wp\/v2\/media?parent=95108"}],"wp:term":[{"taxonomy":"category","embeddable":true,"href":"https:\/\/www.caririemacao.com\/1\/wp-json\/wp\/v2\/categories?post=95108"},{"taxonomy":"post_tag","embeddable":true,"href":"https:\/\/www.caririemacao.com\/1\/wp-json\/wp\/v2\/tags?post=95108"}],"curies":[{"name":"wp","href":"https:\/\/api.w.org\/{rel}","templated":true}]}}