{"id":95111,"date":"2019-05-15T09:15:19","date_gmt":"2019-05-15T12:15:19","guid":{"rendered":"http:\/\/www.caririemacao.com\/1\/?p=95111"},"modified":"2019-05-15T09:15:19","modified_gmt":"2019-05-15T12:15:19","slug":"dia-01-de-junho-tem-gente-boa-no-bode-rei","status":"publish","type":"post","link":"https:\/\/www.caririemacao.com\/1\/2019\/05\/15\/dia-01-de-junho-tem-gente-boa-no-bode-rei\/","title":{"rendered":"Dia 01 de junho tem Gente Boa no Bode Rei"},"content":{"rendered":"\n<p>A banda Gente Boa estar\u00e1 em mais um ano marcando presen\u00e7a na tradicional Festa do Bode Rei. A banda se apresenta no dia 1 de junho por volta das 18:00 no famoso arraial da Festa do Bode Rei.<\/p>\n\n\n\n<p>Neste mesmo dia a banda estar\u00e1 na Vila do Par\u00e1, por volta das 23 horas.<\/p>\n\n\n\n<figure class=\"wp-block-image is-resized\"><img fetchpriority=\"high\" decoding=\"async\" src=\"http:\/\/www.camalaunoticias.com.br\/wp-content\/uploads\/2019\/05\/59866781_2159418890972959_1425405748967374848_n-211x300.jpg\" alt=\"\" class=\"wp-image-11980\" width=\"315\" height=\"448\"\/><\/figure>\n\n\n\n<p>A banda estar\u00e1 lan\u00e7ado as m\u00fasicas que est\u00e3o no novo \u00e1lbum da banda \u2013 Gente Boa \u201cAmor e Forr\u00f3\u201d<\/p>\n","protected":false},"excerpt":{"rendered":"<p>A banda Gente Boa estar\u00e1 em mais um ano marcando presen\u00e7a na tradicional Festa do Bode Rei. A banda se apresenta no dia 1 de&hellip; <\/p>\n","protected":false},"author":1,"featured_media":95112,"comment_status":"closed","ping_status":"closed","sticky":false,"template":"","format":"standard","meta":{"sfsi_plus_gutenberg_text_before_share":"","sfsi_plus_gutenberg_show_text_before_share":"","sfsi_plus_gutenberg_icon_type":"","sfsi_plus_gutenberg_icon_alignemt":"","sfsi_plus_gutenburg_max_per_row":"","footnotes":""},"categories":[6],"tags":[],"class_list":["post-95111","post","type-post","status-publish","format-standard","has-post-thumbnail","hentry","category-cidades"],"_links":{"self":[{"href":"https:\/\/www.caririemacao.com\/1\/wp-json\/wp\/v2\/posts\/95111","targetHints":{"allow":["GET"]}}],"collection":[{"href":"https:\/\/www.caririemacao.com\/1\/wp-json\/wp\/v2\/posts"}],"about":[{"href":"https:\/\/www.caririemacao.com\/1\/wp-json\/wp\/v2\/types\/post"}],"author":[{"embeddable":true,"href":"https:\/\/www.caririemacao.com\/1\/wp-json\/wp\/v2\/users\/1"}],"replies":[{"embeddable":true,"href":"https:\/\/www.caririemacao.com\/1\/wp-json\/wp\/v2\/comments?post=95111"}],"version-history":[{"count":1,"href":"https:\/\/www.caririemacao.com\/1\/wp-json\/wp\/v2\/posts\/95111\/revisions"}],"predecessor-version":[{"id":95113,"href":"https:\/\/www.caririemacao.com\/1\/wp-json\/wp\/v2\/posts\/95111\/revisions\/95113"}],"wp:featuredmedia":[{"embeddable":true,"href":"https:\/\/www.caririemacao.com\/1\/wp-json\/wp\/v2\/media\/95112"}],"wp:attachment":[{"href":"https:\/\/www.caririemacao.com\/1\/wp-json\/wp\/v2\/media?parent=95111"}],"wp:term":[{"taxonomy":"category","embeddable":true,"href":"https:\/\/www.caririemacao.com\/1\/wp-json\/wp\/v2\/categories?post=95111"},{"taxonomy":"post_tag","embeddable":true,"href":"https:\/\/www.caririemacao.com\/1\/wp-json\/wp\/v2\/tags?post=95111"}],"curies":[{"name":"wp","href":"https:\/\/api.w.org\/{rel}","templated":true}]}}