{"id":95117,"date":"2019-05-15T09:53:13","date_gmt":"2019-05-15T12:53:13","guid":{"rendered":"http:\/\/www.caririemacao.com\/1\/?p=95117"},"modified":"2019-05-15T09:53:13","modified_gmt":"2019-05-15T12:53:13","slug":"duas-cidades-do-cariri-participam-da-paralisacao-nacional-em-defesa-da-educacao-publica-nesta-quarta","status":"publish","type":"post","link":"https:\/\/www.caririemacao.com\/1\/2019\/05\/15\/duas-cidades-do-cariri-participam-da-paralisacao-nacional-em-defesa-da-educacao-publica-nesta-quarta\/","title":{"rendered":"Duas cidades do Cariri participam da paralisa\u00e7\u00e3o nacional em defesa da educa\u00e7\u00e3o p\u00fablica nesta quarta"},"content":{"rendered":"\n<p>Uma s\u00e9rie de atos p\u00fablico ser\u00e3o realizados na Para\u00edba nesta quarta-feira, 15 de maio, em defesa da educa\u00e7\u00e3o p\u00fablica e contra o corte no or\u00e7amento das Institui\u00e7\u00f5es Federais de Ensino (Ifes) e o projeto reforma da Previd\u00eancia. A atividade integra o Dia de Greve Nacional da Educa\u00e7\u00e3o, convocado por entidades representativas do setor em todo o pa\u00eds.<\/p>\n\n\n\n<p>Est\u00e3o programados protestos nas cidades de Jo\u00e3o Pessoa, Campina Grande, Cajazeiras, Patos, Sousa,<strong>&nbsp;Sum\u00e9<\/strong>, Pombal e&nbsp;<strong>Monteiro<\/strong>. Na Capital, o ato ter\u00e1 concentra\u00e7\u00e3o \u00e0s 9h, em frente ao Liceu Paraibano, no Centro da cidade. Haver\u00e1 panfletagem e discursos em carro de som de lideran\u00e7as dos diversos movimentos sociais, pol\u00edticos e sindicais que integram o ato.<\/p>\n\n\n\n<p>De l\u00e1, os manifestantes seguir\u00e3o em protesto para o Ponto de Cem R\u00e9is, onde estar\u00e1 sendo realizado o \u201cEduca\u00e7\u00e3o na Pra\u00e7a\u201d, uma atividade paralela que contar\u00e1 com a\u00e7\u00f5es culturais, educativas e de sa\u00fade para a comunidade. A proposta \u00e9 expor \u00e0 sociedade uma parcela dos diversos projetos desenvolvidos dentro das institui\u00e7\u00f5es federais de ensino que beneficiam direta e indiretamente a popula\u00e7\u00e3o.<\/p>\n\n\n\n<p>No per\u00edodo da tarde, a partir das 14h, a Assembleia Legislativa do Estado da Para\u00edba&nbsp;realizar\u00e1 uma audi\u00eancia p\u00fablica em defesa da educa\u00e7\u00e3o, para discutir os cortes no or\u00e7amento das universidades e dos institutos federais de ensino. A atividade estava marcada inicialmente para acontecer na pra\u00e7a Jo\u00e3o Pessoa, mas foi transferida para o Tribunal de Contas do Estado (TCE).<\/p>\n\n\n\n<p>O Sindicato dos Professores da Universidade Federal da Para\u00edba (Adufpb) participa da organiza\u00e7\u00e3o do ato p\u00fablico em Jo\u00e3o Pessoa e est\u00e1 convocado todos os professores e professoras a aderirem ao movimento. Para mobilizar a categoria, foi realizada uma rodada de assembleias na segunda (nos campi I e IV) e nesta ter\u00e7a-feira (nos campi II e III).<\/p>\n\n\n\n<p>A Greve Nacional da Educa\u00e7\u00e3o do dia 15 de maio est\u00e1 sendo convocada por entidades nacionais do setor de ensino de todo o Brasil e \u00e9 preparat\u00f3ria para a Greve Geral dos trabalhadores convocada pelas centrais sindicais para 14 de junho. Professores, funcion\u00e1rios t\u00e9cnico e administrativos e estudantes dos diversos estados od Pa\u00eds ir\u00e3o sair \u00e0s ruas para protestar contra a reforma da Previd\u00eancia e os ataques \u00e0 educa\u00e7\u00e3o, principalmente o corte de mais 30% no or\u00e7amento das Ifes que inviabiliza a presta\u00e7\u00e3o de um servi\u00e7o de qualidade \u00e0 sociedade.<\/p>\n\n\n\n<p>Na UFPB, foram bloqueados R$ 44,7 milh\u00f5es de recursos de custeio e R$ 5,6 milh\u00f5es oriundos de emendas da bancada federal de deputados e de senadores, que totalizam um corte de 32,75% no or\u00e7amento da institui\u00e7\u00e3o para este ano. O corte vai impactar n\u00e3o apenas a universidade, como toda a economia da Para\u00edba. Somados os recursos retirados da UFPB, da UFCG e dos institutos federais, deixar\u00e3o de circular na Para\u00edba quase R$ 92 milh\u00f5es este ano. Al\u00e9m disso, deixar\u00e3o de ser pagas 2,3 mil bolsas aos estudantes da institui\u00e7\u00e3o e 713 funcion\u00e1rios terceirizados podem ser demitidos.<\/p>\n","protected":false},"excerpt":{"rendered":"<p>Uma s\u00e9rie de atos p\u00fablico ser\u00e3o realizados na Para\u00edba nesta quarta-feira, 15 de maio, em defesa da educa\u00e7\u00e3o p\u00fablica e contra o corte no or\u00e7amento&hellip; <\/p>\n","protected":false},"author":1,"featured_media":95118,"comment_status":"closed","ping_status":"closed","sticky":false,"template":"","format":"standard","meta":{"sfsi_plus_gutenberg_text_before_share":"","sfsi_plus_gutenberg_show_text_before_share":"","sfsi_plus_gutenberg_icon_type":"","sfsi_plus_gutenberg_icon_alignemt":"","sfsi_plus_gutenburg_max_per_row":"","footnotes":""},"categories":[6,50],"tags":[],"class_list":["post-95117","post","type-post","status-publish","format-standard","has-post-thumbnail","hentry","category-cidades","category-destaque"],"_links":{"self":[{"href":"https:\/\/www.caririemacao.com\/1\/wp-json\/wp\/v2\/posts\/95117","targetHints":{"allow":["GET"]}}],"collection":[{"href":"https:\/\/www.caririemacao.com\/1\/wp-json\/wp\/v2\/posts"}],"about":[{"href":"https:\/\/www.caririemacao.com\/1\/wp-json\/wp\/v2\/types\/post"}],"author":[{"embeddable":true,"href":"https:\/\/www.caririemacao.com\/1\/wp-json\/wp\/v2\/users\/1"}],"replies":[{"embeddable":true,"href":"https:\/\/www.caririemacao.com\/1\/wp-json\/wp\/v2\/comments?post=95117"}],"version-history":[{"count":1,"href":"https:\/\/www.caririemacao.com\/1\/wp-json\/wp\/v2\/posts\/95117\/revisions"}],"predecessor-version":[{"id":95119,"href":"https:\/\/www.caririemacao.com\/1\/wp-json\/wp\/v2\/posts\/95117\/revisions\/95119"}],"wp:featuredmedia":[{"embeddable":true,"href":"https:\/\/www.caririemacao.com\/1\/wp-json\/wp\/v2\/media\/95118"}],"wp:attachment":[{"href":"https:\/\/www.caririemacao.com\/1\/wp-json\/wp\/v2\/media?parent=95117"}],"wp:term":[{"taxonomy":"category","embeddable":true,"href":"https:\/\/www.caririemacao.com\/1\/wp-json\/wp\/v2\/categories?post=95117"},{"taxonomy":"post_tag","embeddable":true,"href":"https:\/\/www.caririemacao.com\/1\/wp-json\/wp\/v2\/tags?post=95117"}],"curies":[{"name":"wp","href":"https:\/\/api.w.org\/{rel}","templated":true}]}}