{"id":95124,"date":"2019-05-15T10:05:14","date_gmt":"2019-05-15T13:05:14","guid":{"rendered":"http:\/\/www.caririemacao.com\/1\/?p=95124"},"modified":"2019-05-15T10:05:14","modified_gmt":"2019-05-15T13:05:14","slug":"instituicoes-de-ensino-paralisam-atividades-em-protesto-contra-bloqueio-de-verbas-do-mec","status":"publish","type":"post","link":"https:\/\/www.caririemacao.com\/1\/2019\/05\/15\/instituicoes-de-ensino-paralisam-atividades-em-protesto-contra-bloqueio-de-verbas-do-mec\/","title":{"rendered":"Institui\u00e7\u00f5es de ensino paralisam atividades em protesto contra bloqueio de verbas do MEC"},"content":{"rendered":"\n<p>Em protesto contra&nbsp;<a href=\"https:\/\/g1.globo.com\/educacao\/noticia\/2019\/04\/30\/mec-diz-que-bloqueio-de-30percent-na-verba-vale-para-todas-as-universidades-e-institutos-federais.ghtml\">o contingenciamento de verbas da educa\u00e7\u00e3o, anunciado pelo MEC<\/a>, institui\u00e7\u00f5es p\u00fablicas de ensino b\u00e1sico, fundamental, m\u00e9dio e superior suspendem as atividades nesta quarta-feira (15), na Para\u00edba.<\/p>\n\n\n\n<ul class=\"wp-block-list\"><li><a href=\"https:\/\/g1.globo.com\/pb\/paraiba\/noticia\/2019\/05\/03\/mais-de-r-90-milhoes-sao-bloqueados-em-instituicoes-federais-de-ensino-na-paraiba.ghtml\">Mais de R$ 90 milh\u00f5es s\u00e3o bloqueados em institui\u00e7\u00f5es federais de ensino na Para\u00edba<\/a><\/li><li><a href=\"https:\/\/g1.globo.com\/pb\/paraiba\/noticia\/2019\/05\/10\/paraiba-perde-81-bolsas-de-pesquisa-na-ufpb-e-ufcg-apos-cortes-na-capes.ghtml\">Para\u00edba perde 81 bolsas de pesquisa na UFPB e UFCG ap\u00f3s cortes na Capes<\/a><\/li><\/ul>\n\n\n\n<h2 class=\"wp-block-heading\">UFPB<\/h2>\n\n\n\n<p>De acordo com a Associa\u00e7\u00e3o de Docentes da Universidade Federal da Para\u00edba (ADUFPB) e Sindicato dos Trabalhadores em Ensino Superior do Estado da Para\u00edba (SINTESPB), a Universidade Federal da Para\u00edba ir\u00e1 parar as atividades. Do campus I ao IV, apenas o II e III, Areia e Bananeiras respectivamente, est\u00e3o em per\u00edodo letivo.<\/p>\n\n\n\n<h2 class=\"wp-block-heading\">UFCG<\/h2>\n\n\n\n<p>Os professores e servidores da Universidade Federal de Campina Grande tamb\u00e9m participar\u00e3o da paralisa\u00e7\u00e3o, segundo Associa\u00e7\u00e3o dos Docentes (ADUFCG) e Sindicato dos Servidores da UFCG (SINTESUF\/INTERPB). \u00c0s 7h haver\u00e1 um caf\u00e9 da manh\u00e3 no port\u00e3o principal da universidade.<\/p>\n\n\n\n<h2 class=\"wp-block-heading\">UEPB<\/h2>\n\n\n\n<p>Os t\u00e9cnicos administrativos, professores e alunos da UEPB tamb\u00e9m participar\u00e3o da paralisa\u00e7\u00e3o. Al\u00e9m disso, de acordo com a SINTESPB\/UEPB, haver\u00e1 uma caminhada em Campina Grande.<\/p>\n\n\n\n<h2 class=\"wp-block-heading\">IFPB<\/h2>\n\n\n\n<p>A paralisa\u00e7\u00e3o foi confirmada pela coordena\u00e7\u00e3o do Sindicato dos Trabalhadores Federais na Educa\u00e7\u00e3o B\u00e1sica, Profissional e Tecnol\u00f3gica da Para\u00edba (SINTEFPB). Por\u00e9m, n\u00e3o foi informado quantos campi devem aderir (dos 21 que existem do IFPB no estado). O sindicato informou que nos campi de Jo\u00e3o Pessoa, Campina Grande, Patos, Cabedelo, Monteiro, Cajazeiras e Sousa foi confirmada a ades\u00e3o total ou parcial ao movimento.<\/p>\n\n\n\n<h2 class=\"wp-block-heading\">Escolas estaduais e municipais<\/h2>\n\n\n\n<p>As escolas municipais da capital, de acordo com o Sindicato dos Trabalhadores em Educa\u00e7\u00e3o do Munic\u00edpio de Jo\u00e3o Pessoa, tamb\u00e9m n\u00e3o ter\u00e3o aulas nesta quarta-feira (15). Tamb\u00e9m v\u00e3o paralisar atividades as escolas estaduais de todo o estado, de acordo com o Sindicato dos Trabalhadores e Trabalhadoras em Educa\u00e7\u00e3o do Estado da Para\u00edba (SINTEP-PB). No entanto, conforme a Secretaria de Estado da Educa\u00e7\u00e3o, haver\u00e1 aula normal e as escolas que forem participar do ato devem repor o dia letivo.<\/p>\n\n\n\n<p>Em Campina Grande, segundo a assessoria de imprensa da Secretaria de Educa\u00e7\u00e3o do Munic\u00edpio, a paralisa\u00e7\u00e3o fica a crit\u00e9rio das escolas. Algumas escolas e creches j\u00e1 informaram que v\u00e3o parar e outras que haver\u00e1 aula normalmente.<\/p>\n\n\n\n<h2 class=\"wp-block-heading\">Bloqueio de verbas<\/h2>\n\n\n\n<p>Em abril, o Minist\u00e9rio da Educa\u00e7\u00e3o divulgou que todas as universidades e institutos federais teriam bloqueio de recursos. Em maio, a Coordena\u00e7\u00e3o de Aperfei\u00e7oamento de Pessoal de N\u00edvel Superior (Capes) informou sobre a suspens\u00e3o da concess\u00e3o de bolsas de mestrado e doutorado.<\/p>\n\n\n\n<p>De acordo com o Minist\u00e9rio da Educa\u00e7\u00e3o, o bloqueio \u00e9 de 24,84% das chamadas despesas discricion\u00e1rias \u2014 aquelas consideradas n\u00e3o obrigat\u00f3rias, que incluem gastos como contas de \u00e1gua, luz, compra de material b\u00e1sico, contrata\u00e7\u00e3o de terceirizados e realiza\u00e7\u00e3o de pesquisas. O valor total contingenciado, considerando todas as universidades, \u00e9 de R$ 1,7 bilh\u00f5es, ou 3,43% do or\u00e7amento completo \u2014 incluindo despesas obrigat\u00f3rias.<\/p>\n\n\n\n<p>Em 2019, as verbas discricion\u00e1rias representam 13,83% do or\u00e7amento total das universidades. Os 86,17% restantes s\u00e3o as chamadas verbas obrigat\u00f3rias, que n\u00e3o ser\u00e3o afetadas. Elas correspondem, por exemplo, aos pagamentos de sal\u00e1rios de professores, funcion\u00e1rios e das aposentadorias e pens\u00f5es.<\/p>\n\n\n\n<p>Segundo o governo federal, a queda na arrecada\u00e7\u00e3o obrigou a conten\u00e7\u00e3o de recursos. O bloqueio poder\u00e1 ser reavaliado posteriormente caso a arrecada\u00e7\u00e3o volte a subir. O contingenciamento, apenas com despesas n\u00e3o obrigat\u00f3rias, \u00e9 um mecanismo para retardar ou deixar de executar parte da pe\u00e7a or\u00e7ament\u00e1ria devido \u00e0 insufici\u00eancia de receitas e j\u00e1 ocorreu em outros governos.<\/p>\n\n\n\n<p><\/p>\n\n\n\n<p>G1<\/p>\n","protected":false},"excerpt":{"rendered":"<p>Em protesto contra&nbsp;o contingenciamento de verbas da educa\u00e7\u00e3o, anunciado pelo MEC, institui\u00e7\u00f5es p\u00fablicas de ensino b\u00e1sico, fundamental, m\u00e9dio e superior suspendem as atividades nesta quarta-feira&hellip; <\/p>\n","protected":false},"author":1,"featured_media":95125,"comment_status":"closed","ping_status":"closed","sticky":false,"template":"","format":"standard","meta":{"sfsi_plus_gutenberg_text_before_share":"","sfsi_plus_gutenberg_show_text_before_share":"","sfsi_plus_gutenberg_icon_type":"","sfsi_plus_gutenberg_icon_alignemt":"","sfsi_plus_gutenburg_max_per_row":"","footnotes":""},"categories":[6,14],"tags":[],"class_list":["post-95124","post","type-post","status-publish","format-standard","has-post-thumbnail","hentry","category-cidades","category-educacao"],"_links":{"self":[{"href":"https:\/\/www.caririemacao.com\/1\/wp-json\/wp\/v2\/posts\/95124","targetHints":{"allow":["GET"]}}],"collection":[{"href":"https:\/\/www.caririemacao.com\/1\/wp-json\/wp\/v2\/posts"}],"about":[{"href":"https:\/\/www.caririemacao.com\/1\/wp-json\/wp\/v2\/types\/post"}],"author":[{"embeddable":true,"href":"https:\/\/www.caririemacao.com\/1\/wp-json\/wp\/v2\/users\/1"}],"replies":[{"embeddable":true,"href":"https:\/\/www.caririemacao.com\/1\/wp-json\/wp\/v2\/comments?post=95124"}],"version-history":[{"count":1,"href":"https:\/\/www.caririemacao.com\/1\/wp-json\/wp\/v2\/posts\/95124\/revisions"}],"predecessor-version":[{"id":95126,"href":"https:\/\/www.caririemacao.com\/1\/wp-json\/wp\/v2\/posts\/95124\/revisions\/95126"}],"wp:featuredmedia":[{"embeddable":true,"href":"https:\/\/www.caririemacao.com\/1\/wp-json\/wp\/v2\/media\/95125"}],"wp:attachment":[{"href":"https:\/\/www.caririemacao.com\/1\/wp-json\/wp\/v2\/media?parent=95124"}],"wp:term":[{"taxonomy":"category","embeddable":true,"href":"https:\/\/www.caririemacao.com\/1\/wp-json\/wp\/v2\/categories?post=95124"},{"taxonomy":"post_tag","embeddable":true,"href":"https:\/\/www.caririemacao.com\/1\/wp-json\/wp\/v2\/tags?post=95124"}],"curies":[{"name":"wp","href":"https:\/\/api.w.org\/{rel}","templated":true}]}}