{"id":95127,"date":"2019-05-15T10:10:49","date_gmt":"2019-05-15T13:10:49","guid":{"rendered":"http:\/\/www.caririemacao.com\/1\/?p=95127"},"modified":"2019-05-15T10:10:49","modified_gmt":"2019-05-15T13:10:49","slug":"adolescente-fica-ferida-apos-tentativa-de-estupro","status":"publish","type":"post","link":"https:\/\/www.caririemacao.com\/1\/2019\/05\/15\/adolescente-fica-ferida-apos-tentativa-de-estupro\/","title":{"rendered":"Adolescente fica ferida ap\u00f3s tentativa de estupro"},"content":{"rendered":"\n<p>Uma adolescente de 16 anos ficou ferida depois de uma tentativa de estupro, nesta ter\u00e7a-feira (14), na cidade de Santa Rita, na Grande Jo\u00e3o Pessoa. De acordo com informa\u00e7\u00f5es da Pol\u00edcia Militar, o caso aconteceu por volta das 12h, mas a menina s\u00f3 foi encontrada por volta das 20h.<\/p>\n\n\n\n<p>Conforme relatos da m\u00e3e da v\u00edtima \u00e0 pol\u00edcia, a adolescente estava saindo da casa de um amigo, no fim da manh\u00e3 da ter\u00e7a, quando dois homens em uma bicicleta a abordaram. A m\u00e3e, em casa, sentiu a aus\u00eancia da filha, ligou para ela, mas o telefone estava desligado. Os suspeitos levaram a adolescente para dentro de uma regi\u00e3o de mata e a agrediram. De acordo com a Pol\u00edcia Militar, n\u00e3o houve o ato sexual porque a v\u00edtima teria gritado muito alto e os suspeitos acabaram fugindo.<\/p>\n\n\n\n<p>A adolescente foi encontrada por tr\u00e1s do F\u00f3rum de Santa Rita e levada para Unidade de Pronto Atendimento (UPA) de Santa Rita. A m\u00e3e conseguiu encontrar a filha apenas na unidade de sa\u00fade. Ap\u00f3s receber atendimento, ela foi encaminhada ao Hospital de Emerg\u00eancia e Trauma de Jo\u00e3o Pessoa, onde chegou com v\u00e1rias escoria\u00e7\u00f5es no bra\u00e7o.<\/p>\n\n\n\n<p>A v\u00edtima recebeu alta na manh\u00e3 desta quarta-feira (15). Os dois suspeitos da tentativa de estupro n\u00e3o foram localizados at\u00e9 as 6h20.<\/p>\n\n\n\n<p><\/p>\n\n\n\n<p>G1<\/p>\n","protected":false},"excerpt":{"rendered":"<p>Uma adolescente de 16 anos ficou ferida depois de uma tentativa de estupro, nesta ter\u00e7a-feira (14), na cidade de Santa Rita, na Grande Jo\u00e3o Pessoa.&hellip; <\/p>\n","protected":false},"author":1,"featured_media":86038,"comment_status":"closed","ping_status":"closed","sticky":false,"template":"","format":"standard","meta":{"sfsi_plus_gutenberg_text_before_share":"","sfsi_plus_gutenberg_show_text_before_share":"","sfsi_plus_gutenberg_icon_type":"","sfsi_plus_gutenberg_icon_alignemt":"","sfsi_plus_gutenburg_max_per_row":"","footnotes":""},"categories":[12],"tags":[],"class_list":["post-95127","post","type-post","status-publish","format-standard","has-post-thumbnail","hentry","category-policia"],"_links":{"self":[{"href":"https:\/\/www.caririemacao.com\/1\/wp-json\/wp\/v2\/posts\/95127","targetHints":{"allow":["GET"]}}],"collection":[{"href":"https:\/\/www.caririemacao.com\/1\/wp-json\/wp\/v2\/posts"}],"about":[{"href":"https:\/\/www.caririemacao.com\/1\/wp-json\/wp\/v2\/types\/post"}],"author":[{"embeddable":true,"href":"https:\/\/www.caririemacao.com\/1\/wp-json\/wp\/v2\/users\/1"}],"replies":[{"embeddable":true,"href":"https:\/\/www.caririemacao.com\/1\/wp-json\/wp\/v2\/comments?post=95127"}],"version-history":[{"count":1,"href":"https:\/\/www.caririemacao.com\/1\/wp-json\/wp\/v2\/posts\/95127\/revisions"}],"predecessor-version":[{"id":95129,"href":"https:\/\/www.caririemacao.com\/1\/wp-json\/wp\/v2\/posts\/95127\/revisions\/95129"}],"wp:featuredmedia":[{"embeddable":true,"href":"https:\/\/www.caririemacao.com\/1\/wp-json\/wp\/v2\/media\/86038"}],"wp:attachment":[{"href":"https:\/\/www.caririemacao.com\/1\/wp-json\/wp\/v2\/media?parent=95127"}],"wp:term":[{"taxonomy":"category","embeddable":true,"href":"https:\/\/www.caririemacao.com\/1\/wp-json\/wp\/v2\/categories?post=95127"},{"taxonomy":"post_tag","embeddable":true,"href":"https:\/\/www.caririemacao.com\/1\/wp-json\/wp\/v2\/tags?post=95127"}],"curies":[{"name":"wp","href":"https:\/\/api.w.org\/{rel}","templated":true}]}}