{"id":95130,"date":"2019-05-15T10:15:03","date_gmt":"2019-05-15T13:15:03","guid":{"rendered":"http:\/\/www.caririemacao.com\/1\/?p=95130"},"modified":"2019-05-15T10:15:03","modified_gmt":"2019-05-15T13:15:03","slug":"adolescente-e-apreendida-suspeita-de-tentar-matar-mae-a-facadas","status":"publish","type":"post","link":"https:\/\/www.caririemacao.com\/1\/2019\/05\/15\/adolescente-e-apreendida-suspeita-de-tentar-matar-mae-a-facadas\/","title":{"rendered":"Adolescente \u00e9 apreendida suspeita de tentar matar m\u00e3e a facadas"},"content":{"rendered":"\n<p>Uma adolescente de 14 anos foi apreendida nesta ter\u00e7a-feira (14) depois de tentar matar a m\u00e3e a facadas, no bairro de Funcion\u00e1rios, em Jo\u00e3o Pessoa. De acordo com a delegada Joana Dark, a m\u00e3e foi atingida com um golpes e teve ferimentos leves.<\/p>\n\n\n\n<p>Segundo a delegada, a m\u00e3e informou que a adolescente sofria de alguns problemas psiqui\u00e1tricos, no entanto, sem comprova\u00e7\u00e3o, e que, nesta ter\u00e7a, houve um desentendimento entre as duas. Familiares que estavam no local impediram que mais golpes fossem efetuados contra a m\u00e3e<\/p>\n\n\n\n<p>A adolescente foi encaminhada para a Delegacia da Inf\u00e2ncia e Juventude, no Centro de Jo\u00e3o Pessoa, e ser\u00e1 apresentado ao Minist\u00e9rio P\u00fablico da Para\u00edba (MPPB) para que seja tomadas as medidas cab\u00edveis. A m\u00e3e e a filha v\u00e3o passar por exames de corpo delito.<\/p>\n","protected":false},"excerpt":{"rendered":"<p>Uma adolescente de 14 anos foi apreendida nesta ter\u00e7a-feira (14) depois de tentar matar a m\u00e3e a facadas, no bairro de Funcion\u00e1rios, em Jo\u00e3o Pessoa.&hellip; <\/p>\n","protected":false},"author":1,"featured_media":95131,"comment_status":"closed","ping_status":"closed","sticky":false,"template":"","format":"standard","meta":{"sfsi_plus_gutenberg_text_before_share":"","sfsi_plus_gutenberg_show_text_before_share":"","sfsi_plus_gutenberg_icon_type":"","sfsi_plus_gutenberg_icon_alignemt":"","sfsi_plus_gutenburg_max_per_row":"","footnotes":""},"categories":[12],"tags":[],"class_list":["post-95130","post","type-post","status-publish","format-standard","has-post-thumbnail","hentry","category-policia"],"_links":{"self":[{"href":"https:\/\/www.caririemacao.com\/1\/wp-json\/wp\/v2\/posts\/95130","targetHints":{"allow":["GET"]}}],"collection":[{"href":"https:\/\/www.caririemacao.com\/1\/wp-json\/wp\/v2\/posts"}],"about":[{"href":"https:\/\/www.caririemacao.com\/1\/wp-json\/wp\/v2\/types\/post"}],"author":[{"embeddable":true,"href":"https:\/\/www.caririemacao.com\/1\/wp-json\/wp\/v2\/users\/1"}],"replies":[{"embeddable":true,"href":"https:\/\/www.caririemacao.com\/1\/wp-json\/wp\/v2\/comments?post=95130"}],"version-history":[{"count":1,"href":"https:\/\/www.caririemacao.com\/1\/wp-json\/wp\/v2\/posts\/95130\/revisions"}],"predecessor-version":[{"id":95132,"href":"https:\/\/www.caririemacao.com\/1\/wp-json\/wp\/v2\/posts\/95130\/revisions\/95132"}],"wp:featuredmedia":[{"embeddable":true,"href":"https:\/\/www.caririemacao.com\/1\/wp-json\/wp\/v2\/media\/95131"}],"wp:attachment":[{"href":"https:\/\/www.caririemacao.com\/1\/wp-json\/wp\/v2\/media?parent=95130"}],"wp:term":[{"taxonomy":"category","embeddable":true,"href":"https:\/\/www.caririemacao.com\/1\/wp-json\/wp\/v2\/categories?post=95130"},{"taxonomy":"post_tag","embeddable":true,"href":"https:\/\/www.caririemacao.com\/1\/wp-json\/wp\/v2\/tags?post=95130"}],"curies":[{"name":"wp","href":"https:\/\/api.w.org\/{rel}","templated":true}]}}