{"id":95133,"date":"2019-05-15T10:20:58","date_gmt":"2019-05-15T13:20:58","guid":{"rendered":"http:\/\/www.caririemacao.com\/1\/?p=95133"},"modified":"2019-05-15T10:20:58","modified_gmt":"2019-05-15T13:20:58","slug":"tjpb-mantem-inocencia-de-autora-de-carta-com-denuncia-contra-dom-aldo","status":"publish","type":"post","link":"https:\/\/www.caririemacao.com\/1\/2019\/05\/15\/tjpb-mantem-inocencia-de-autora-de-carta-com-denuncia-contra-dom-aldo\/","title":{"rendered":"TJPB mant\u00e9m inoc\u00eancia de autora de carta com den\u00fancia contra Dom Aldo"},"content":{"rendered":"\n<p>A segunda turma recursal do Tribunal de Justi\u00e7a da Para\u00edba rejeitou o recurso protocolado pelo arcebispo em\u00e9rito da Para\u00edba, Dom Aldo Di Cillo Pagotto, que pedia a condena\u00e7\u00e3o da fiel Mariana Jos\u00e9 Ara\u00fajo da Silva por difama\u00e7\u00e3o.&nbsp;<a href=\"http:\/\/g1.globo.com\/pb\/paraiba\/noticia\/2016\/07\/autora-de-denuncia-contra-dom-aldo-vai-ser-julgada-em-joao-pessoa.html\">Mariana foi a respons\u00e1vel pela carta remetida ao Vaticano<\/a>, na qual denunciou o suposto acobertamento de casos de explora\u00e7\u00e3o sexual de crian\u00e7as e adolescentes por padres e seminaristas. Ela relatou, na mesma correspond\u00eancia, o envolvimento do pr\u00f3prio mandat\u00e1rio da Igreja no Estado na \u00e9poca em rela\u00e7\u00f5es homoafetivas.<\/p>\n\n\n\n<p>O relator da apela\u00e7\u00e3o foi o juiz In\u00e1cio Jairo. O magistrado votou pelo desprovimento do recurso e manuten\u00e7\u00e3o da&nbsp;<a href=\"http:\/\/g1.globo.com\/pb\/paraiba\/noticia\/2016\/09\/juiz-da-paraiba-absolve-autora-de-carta-com-denuncia-contra-dom-aldo.html\">senten\u00e7a de primeira grau que j\u00e1 tinha absolvido Mariana, em setembro de 2016<\/a>. O mesmo entendimento de Jairo foi seguido pelos ju\u00edzes Jo\u00e3o Batista Barbosa e a presidente da segunda Turma, Doura Th\u00falia Neves.<\/p>\n\n\n\n<p>O advogado de acusa\u00e7\u00e3o, Sheyner Asfora, n\u00e3o compareceu. Sheyner Asfora comunicou a sa\u00edda do caso. Mesmo assim, se comprometeu com Dom Aldo de que acompanharia o desfecho. N\u00e3o h\u00e1 informa\u00e7\u00e3o, no entanto, se haver\u00e1 novo recurso.<\/p>\n\n\n\n<p>A&nbsp;<a href=\"http:\/\/g1.globo.com\/pb\/paraiba\/noticia\/2016\/09\/juiz-da-paraiba-absolve-autora-de-carta-com-denuncia-contra-dom-aldo.html\">decis\u00e3o que inocentou Mariana no primeiro grau foi proferida pelo juiz Hermance Gomes Pereira, no dia 12 de setembro de 2016<\/a>. O magistrado, ao analisar os autos, disse que a acusa\u00e7\u00e3o n\u00e3o conseguiu comprovar o \u201cdolo, a inten\u00e7\u00e3o deliberada, livre e consciente de atacar a honra subjetiva da v\u00edtima, no caso da inj\u00faria ou a honra objetiva, reputa\u00e7\u00e3o\u201d.<\/p>\n\n\n\n<p>O magistrado explicou que a den\u00fancia da acusa\u00e7\u00e3o se restringe \u201ca publica\u00e7\u00e3o em blogs de uma carta subscrita pela querelada (Mariana) onde s\u00e3o pedidas provid\u00eancias, em raz\u00e3o de suposto ass\u00e9dio sexual praticado pelo querelante (dom Aldo)\u201d.<\/p>\n\n\n\n<p><\/p>\n\n\n\n<p>G1<\/p>\n","protected":false},"excerpt":{"rendered":"<p>A segunda turma recursal do Tribunal de Justi\u00e7a da Para\u00edba rejeitou o recurso protocolado pelo arcebispo em\u00e9rito da Para\u00edba, Dom Aldo Di Cillo Pagotto, que&hellip; <\/p>\n","protected":false},"author":1,"featured_media":95134,"comment_status":"closed","ping_status":"closed","sticky":false,"template":"","format":"standard","meta":{"sfsi_plus_gutenberg_text_before_share":"","sfsi_plus_gutenberg_show_text_before_share":"","sfsi_plus_gutenberg_icon_type":"","sfsi_plus_gutenberg_icon_alignemt":"","sfsi_plus_gutenburg_max_per_row":"","footnotes":""},"categories":[2],"tags":[],"class_list":["post-95133","post","type-post","status-publish","format-standard","has-post-thumbnail","hentry","category-geral"],"_links":{"self":[{"href":"https:\/\/www.caririemacao.com\/1\/wp-json\/wp\/v2\/posts\/95133","targetHints":{"allow":["GET"]}}],"collection":[{"href":"https:\/\/www.caririemacao.com\/1\/wp-json\/wp\/v2\/posts"}],"about":[{"href":"https:\/\/www.caririemacao.com\/1\/wp-json\/wp\/v2\/types\/post"}],"author":[{"embeddable":true,"href":"https:\/\/www.caririemacao.com\/1\/wp-json\/wp\/v2\/users\/1"}],"replies":[{"embeddable":true,"href":"https:\/\/www.caririemacao.com\/1\/wp-json\/wp\/v2\/comments?post=95133"}],"version-history":[{"count":1,"href":"https:\/\/www.caririemacao.com\/1\/wp-json\/wp\/v2\/posts\/95133\/revisions"}],"predecessor-version":[{"id":95135,"href":"https:\/\/www.caririemacao.com\/1\/wp-json\/wp\/v2\/posts\/95133\/revisions\/95135"}],"wp:featuredmedia":[{"embeddable":true,"href":"https:\/\/www.caririemacao.com\/1\/wp-json\/wp\/v2\/media\/95134"}],"wp:attachment":[{"href":"https:\/\/www.caririemacao.com\/1\/wp-json\/wp\/v2\/media?parent=95133"}],"wp:term":[{"taxonomy":"category","embeddable":true,"href":"https:\/\/www.caririemacao.com\/1\/wp-json\/wp\/v2\/categories?post=95133"},{"taxonomy":"post_tag","embeddable":true,"href":"https:\/\/www.caririemacao.com\/1\/wp-json\/wp\/v2\/tags?post=95133"}],"curies":[{"name":"wp","href":"https:\/\/api.w.org\/{rel}","templated":true}]}}