{"id":95136,"date":"2019-05-15T10:27:40","date_gmt":"2019-05-15T13:27:40","guid":{"rendered":"http:\/\/www.caririemacao.com\/1\/?p=95136"},"modified":"2019-05-15T10:27:40","modified_gmt":"2019-05-15T13:27:40","slug":"ministro-da-educacao-vai-hoje-a-camara-explicar-contingenciamento-de-recursos","status":"publish","type":"post","link":"https:\/\/www.caririemacao.com\/1\/2019\/05\/15\/ministro-da-educacao-vai-hoje-a-camara-explicar-contingenciamento-de-recursos\/","title":{"rendered":"Ministro da Educa\u00e7\u00e3o vai hoje \u00e0 C\u00e2mara explicar contingenciamento de recursos"},"content":{"rendered":"\n<p>O ministro da Educa\u00e7\u00e3o, Abraham Weintraub, foi convocado para explicar ao plen\u00e1rio da C\u00e2mara dos Deputados dos contingenciamentos na \u00e1rea.<\/p>\n\n\n\n<p><br>A convoca\u00e7\u00e3o coincide com a paralisa\u00e7\u00e3o de estudantes e professores contr\u00e1rios aos cortes na Educa\u00e7\u00e3o, prevista para esta quarta-feira (15), em todo pa\u00eds.<\/p>\n","protected":false},"excerpt":{"rendered":"<p>O ministro da Educa\u00e7\u00e3o, Abraham Weintraub, foi convocado para explicar ao plen\u00e1rio da C\u00e2mara dos Deputados dos contingenciamentos na \u00e1rea. A convoca\u00e7\u00e3o coincide com a&hellip; <\/p>\n","protected":false},"author":1,"featured_media":51289,"comment_status":"closed","ping_status":"closed","sticky":false,"template":"","format":"standard","meta":{"sfsi_plus_gutenberg_text_before_share":"","sfsi_plus_gutenberg_show_text_before_share":"","sfsi_plus_gutenberg_icon_type":"","sfsi_plus_gutenberg_icon_alignemt":"","sfsi_plus_gutenburg_max_per_row":"","footnotes":""},"categories":[14],"tags":[],"class_list":["post-95136","post","type-post","status-publish","format-standard","has-post-thumbnail","hentry","category-educacao"],"_links":{"self":[{"href":"https:\/\/www.caririemacao.com\/1\/wp-json\/wp\/v2\/posts\/95136","targetHints":{"allow":["GET"]}}],"collection":[{"href":"https:\/\/www.caririemacao.com\/1\/wp-json\/wp\/v2\/posts"}],"about":[{"href":"https:\/\/www.caririemacao.com\/1\/wp-json\/wp\/v2\/types\/post"}],"author":[{"embeddable":true,"href":"https:\/\/www.caririemacao.com\/1\/wp-json\/wp\/v2\/users\/1"}],"replies":[{"embeddable":true,"href":"https:\/\/www.caririemacao.com\/1\/wp-json\/wp\/v2\/comments?post=95136"}],"version-history":[{"count":1,"href":"https:\/\/www.caririemacao.com\/1\/wp-json\/wp\/v2\/posts\/95136\/revisions"}],"predecessor-version":[{"id":95137,"href":"https:\/\/www.caririemacao.com\/1\/wp-json\/wp\/v2\/posts\/95136\/revisions\/95137"}],"wp:featuredmedia":[{"embeddable":true,"href":"https:\/\/www.caririemacao.com\/1\/wp-json\/wp\/v2\/media\/51289"}],"wp:attachment":[{"href":"https:\/\/www.caririemacao.com\/1\/wp-json\/wp\/v2\/media?parent=95136"}],"wp:term":[{"taxonomy":"category","embeddable":true,"href":"https:\/\/www.caririemacao.com\/1\/wp-json\/wp\/v2\/categories?post=95136"},{"taxonomy":"post_tag","embeddable":true,"href":"https:\/\/www.caririemacao.com\/1\/wp-json\/wp\/v2\/tags?post=95136"}],"curies":[{"name":"wp","href":"https:\/\/api.w.org\/{rel}","templated":true}]}}