{"id":95138,"date":"2019-05-15T10:33:03","date_gmt":"2019-05-15T13:33:03","guid":{"rendered":"http:\/\/www.caririemacao.com\/1\/?p=95138"},"modified":"2019-05-15T10:33:03","modified_gmt":"2019-05-15T13:33:03","slug":"vinda-a-pernanbuco-bolsonaro-podera-visitar-obras-da-transposicao-em-sertania","status":"publish","type":"post","link":"https:\/\/www.caririemacao.com\/1\/2019\/05\/15\/vinda-a-pernanbuco-bolsonaro-podera-visitar-obras-da-transposicao-em-sertania\/","title":{"rendered":"Vinda a Pernanbuco: Bolsonaro poder\u00e1 visitar obras da Transposi\u00e7\u00e3o  em SERT\u00c2NIA"},"content":{"rendered":"\n<p>O&nbsp;<em><strong>Tribuna do Moxot\u00f3<\/strong><\/em>&nbsp;tomou conhecimento atrav\u00e9s de uma fonte ligada as obras da transposi\u00e7\u00e3o, que na visita que far\u00e1 a Pernambuco na pr\u00f3xima semana, mais precisamente no dia 23 e 24, ele far\u00e1 um sobrevoo nas obras da transposi\u00e7\u00e3o, incluindo o munic\u00edpio de Sert\u00e2nia.<\/p>\n\n\n\n<p>A informa\u00e7\u00e3o \u00e9 de que o presidente participar\u00e1 de uma reuni\u00e3o na&nbsp;<em><strong>SUDENE<\/strong><\/em>&nbsp;no dia 24 de maio, numa sexta-feira, mas o sobrevoo acontecer\u00e1 no dia 23 e logo ap\u00f3s ir\u00e1 visitar a f\u00e1brica da FIAT, na zona da mata norte do Estado de Pernambuco.<\/p>\n\n\n\n<figure class=\"wp-block-image\"><img decoding=\"async\" data-src=\"http:\/\/tribunadomoxoto.com\/wp-content\/uploads\/2019\/05\/governadores-nordeste-bolsonaro.jpg\" alt=\"\" class=\"wp-image-9864 lazyload\" src=\"data:image\/svg+xml;base64,PHN2ZyB3aWR0aD0iMSIgaGVpZ2h0PSIxIiB4bWxucz0iaHR0cDovL3d3dy53My5vcmcvMjAwMC9zdmciPjwvc3ZnPg==\" \/><\/figure>\n\n\n\n<p><br><strong>O PRESIDENTE TER\u00c1 UMA REUNI\u00c3O NA SUDENE DIA 24, MAS NO DIA 23, FAR\u00c1 UM SOBREVOO NAS OBRAS EM SERT\u00c2NIA E EM OUTRAS OBRAS DA TRANSPOSI\u00c7\u00c3O EM OUTROS MUNIC\u00cdPIOS.&nbsp;<\/strong><\/p>\n\n\n\n<p>A assessoria do presidente ainda n\u00e3o fechou a agenda do presidente em Pernambuco, o esperado, segundo a nossa fonte, \u00e9 que o Bolsonaro des\u00e7a em um desses trechos das obras da Transposi\u00e7\u00e3o. \u201cEspera-se que ele fa\u00e7a uma visita no trecho de Sert\u00e2nia, mas isso ainda n\u00e3o foi confirmado. A \u00fanica coisa que se sabe \u00e9 que ele realmente far\u00e1 um sobrevoo nessas e em outras obras da transposi\u00e7\u00e3o do S\u00e3o Francisco\u201d, disse ao&nbsp;<em><strong>Tribuna do Moxot\u00f3<\/strong><\/em>um funcion\u00e1rio de uma das empresas respons\u00e1veis por a obra da transposi\u00e7\u00e3o.<\/p>\n\n\n\n<p>Aos jornalistas o senador pernambucano Fernando Bezerra Coelho, o articulador da visita de Bolsonaro a Pernambuco, disse que o presidente vir\u00e1 observar as condi\u00e7\u00f5es de obras de infraestrutura, como a Adutora do Agreste, o Ramal do Agreste e a Transposi\u00e7\u00e3o do Rio S\u00e3o Francisco. O objetivo \u00e9 que as obras sejam conclu\u00eddas durante o governo atual. \u201cO trabalho ser\u00e1 no sentido de conclus\u00e3o do que est\u00e1 em curso\u201d, afirmou o senador pernambucano.<\/p>\n","protected":false},"excerpt":{"rendered":"<p>O&nbsp;Tribuna do Moxot\u00f3&nbsp;tomou conhecimento atrav\u00e9s de uma fonte ligada as obras da transposi\u00e7\u00e3o, que na visita que far\u00e1 a Pernambuco na pr\u00f3xima semana, mais precisamente&hellip; <\/p>\n","protected":false},"author":1,"featured_media":95139,"comment_status":"closed","ping_status":"closed","sticky":false,"template":"","format":"standard","meta":{"sfsi_plus_gutenberg_text_before_share":"","sfsi_plus_gutenberg_show_text_before_share":"","sfsi_plus_gutenberg_icon_type":"","sfsi_plus_gutenberg_icon_alignemt":"","sfsi_plus_gutenburg_max_per_row":"","footnotes":""},"categories":[6,50],"tags":[],"class_list":["post-95138","post","type-post","status-publish","format-standard","has-post-thumbnail","hentry","category-cidades","category-destaque"],"_links":{"self":[{"href":"https:\/\/www.caririemacao.com\/1\/wp-json\/wp\/v2\/posts\/95138","targetHints":{"allow":["GET"]}}],"collection":[{"href":"https:\/\/www.caririemacao.com\/1\/wp-json\/wp\/v2\/posts"}],"about":[{"href":"https:\/\/www.caririemacao.com\/1\/wp-json\/wp\/v2\/types\/post"}],"author":[{"embeddable":true,"href":"https:\/\/www.caririemacao.com\/1\/wp-json\/wp\/v2\/users\/1"}],"replies":[{"embeddable":true,"href":"https:\/\/www.caririemacao.com\/1\/wp-json\/wp\/v2\/comments?post=95138"}],"version-history":[{"count":1,"href":"https:\/\/www.caririemacao.com\/1\/wp-json\/wp\/v2\/posts\/95138\/revisions"}],"predecessor-version":[{"id":95140,"href":"https:\/\/www.caririemacao.com\/1\/wp-json\/wp\/v2\/posts\/95138\/revisions\/95140"}],"wp:featuredmedia":[{"embeddable":true,"href":"https:\/\/www.caririemacao.com\/1\/wp-json\/wp\/v2\/media\/95139"}],"wp:attachment":[{"href":"https:\/\/www.caririemacao.com\/1\/wp-json\/wp\/v2\/media?parent=95138"}],"wp:term":[{"taxonomy":"category","embeddable":true,"href":"https:\/\/www.caririemacao.com\/1\/wp-json\/wp\/v2\/categories?post=95138"},{"taxonomy":"post_tag","embeddable":true,"href":"https:\/\/www.caririemacao.com\/1\/wp-json\/wp\/v2\/tags?post=95138"}],"curies":[{"name":"wp","href":"https:\/\/api.w.org\/{rel}","templated":true}]}}