{"id":95149,"date":"2019-05-15T12:21:55","date_gmt":"2019-05-15T15:21:55","guid":{"rendered":"http:\/\/www.caririemacao.com\/1\/?p=95149"},"modified":"2019-05-15T12:21:55","modified_gmt":"2019-05-15T15:21:55","slug":"amcap-reune-prefeitos-do-cariri-para-discutir-novas-propostas-para-destinacao-de-residuos-solidos","status":"publish","type":"post","link":"https:\/\/www.caririemacao.com\/1\/2019\/05\/15\/amcap-reune-prefeitos-do-cariri-para-discutir-novas-propostas-para-destinacao-de-residuos-solidos\/","title":{"rendered":"AMCAP re\u00fane prefeitos do Cariri para discutir novas propostas para destina\u00e7\u00e3o de res\u00edduos s\u00f3lidos"},"content":{"rendered":"\n<p>Prefeitos caririzeiros participaram nesta ter\u00e7a-feira (14), de uma importante reuni\u00e3o na sede da Associa\u00e7\u00e3o dos Munic\u00edpios do Cariri Paraibano \u2013 AMCAP, em Campina Grande, para discutir a problem\u00e1tica dos res\u00edduos s\u00f3lidos (lixo) de seus respectivos munic\u00edpios.<\/p>\n\n\n\n<p>A presente reuni\u00e3o teve como pauta principal, a apresenta\u00e7\u00e3o de uma proposta comercial customizada para a elabora\u00e7\u00e3o dos seus respectivos planos municipais de res\u00edduos s\u00f3lidos.<\/p>\n\n\n\n<p>Participaram da reuni\u00e3o os prefeitos, Ronaldo Queiroz de Gurj\u00e3o (Presidente da AMCAP), Eden Duarte (Sum\u00e9), Tiago Castro (Cabaceiras), Anna Lorena (Monteiro), Adriano Wolff (S\u00e3o Sebasti\u00e3o do Umbuzeiro), In\u00e1cio N\u00f3brega (Amparo),Givaldo Limeira (Coxixola), Bevilacqua (Juazeirinho) e H\u00e9lder Trajano (S\u00e3o Jo\u00e3o do Cariri).<\/p>\n","protected":false},"excerpt":{"rendered":"<p>Prefeitos caririzeiros participaram nesta ter\u00e7a-feira (14), de uma importante reuni\u00e3o na sede da Associa\u00e7\u00e3o dos Munic\u00edpios do Cariri Paraibano \u2013 AMCAP, em Campina Grande, para&hellip; <\/p>\n","protected":false},"author":1,"featured_media":95150,"comment_status":"closed","ping_status":"closed","sticky":false,"template":"","format":"standard","meta":{"sfsi_plus_gutenberg_text_before_share":"","sfsi_plus_gutenberg_show_text_before_share":"","sfsi_plus_gutenberg_icon_type":"","sfsi_plus_gutenberg_icon_alignemt":"","sfsi_plus_gutenburg_max_per_row":"","footnotes":""},"categories":[50,2],"tags":[],"class_list":["post-95149","post","type-post","status-publish","format-standard","has-post-thumbnail","hentry","category-destaque","category-geral"],"_links":{"self":[{"href":"https:\/\/www.caririemacao.com\/1\/wp-json\/wp\/v2\/posts\/95149","targetHints":{"allow":["GET"]}}],"collection":[{"href":"https:\/\/www.caririemacao.com\/1\/wp-json\/wp\/v2\/posts"}],"about":[{"href":"https:\/\/www.caririemacao.com\/1\/wp-json\/wp\/v2\/types\/post"}],"author":[{"embeddable":true,"href":"https:\/\/www.caririemacao.com\/1\/wp-json\/wp\/v2\/users\/1"}],"replies":[{"embeddable":true,"href":"https:\/\/www.caririemacao.com\/1\/wp-json\/wp\/v2\/comments?post=95149"}],"version-history":[{"count":1,"href":"https:\/\/www.caririemacao.com\/1\/wp-json\/wp\/v2\/posts\/95149\/revisions"}],"predecessor-version":[{"id":95151,"href":"https:\/\/www.caririemacao.com\/1\/wp-json\/wp\/v2\/posts\/95149\/revisions\/95151"}],"wp:featuredmedia":[{"embeddable":true,"href":"https:\/\/www.caririemacao.com\/1\/wp-json\/wp\/v2\/media\/95150"}],"wp:attachment":[{"href":"https:\/\/www.caririemacao.com\/1\/wp-json\/wp\/v2\/media?parent=95149"}],"wp:term":[{"taxonomy":"category","embeddable":true,"href":"https:\/\/www.caririemacao.com\/1\/wp-json\/wp\/v2\/categories?post=95149"},{"taxonomy":"post_tag","embeddable":true,"href":"https:\/\/www.caririemacao.com\/1\/wp-json\/wp\/v2\/tags?post=95149"}],"curies":[{"name":"wp","href":"https:\/\/api.w.org\/{rel}","templated":true}]}}