{"id":95164,"date":"2019-05-15T12:32:20","date_gmt":"2019-05-15T15:32:20","guid":{"rendered":"http:\/\/www.caririemacao.com\/1\/?p=95164"},"modified":"2019-05-15T12:32:20","modified_gmt":"2019-05-15T15:32:20","slug":"prazo-para-renovacao-de-contratos-do-fies-termina-nesta-quarta-feira","status":"publish","type":"post","link":"https:\/\/www.caririemacao.com\/1\/2019\/05\/15\/prazo-para-renovacao-de-contratos-do-fies-termina-nesta-quarta-feira\/","title":{"rendered":"Prazo para renova\u00e7\u00e3o de contratos do Fies termina nesta quarta-feira"},"content":{"rendered":"\n<p>Hoje (15) \u00e9 o \u00faltimo dia para renovar os contratos do Fundo de Financiamento Estudantil (Fies) do primeiro semestre de 2019. Para a renova\u00e7\u00e3o, os estudantes precisam validar as informa\u00e7\u00f5es prestadas pelas institui\u00e7\u00f5es de ensino no Sistema Informatizado do Fundo de Financiamento Estudantil (SisFies).<\/p>\n\n\n\n<p>Os contratos do Fies precisam ser renovados a cada semestre. O pedido de aditamento \u00e9 feito inicialmente pelas institui\u00e7\u00f5es de ensino para depois ter as informa\u00e7\u00f5es validadas pelos estudantes, no sistema.<\/p>\n\n\n\n<p>Tamb\u00e9m encerra hoje o prazo para os estudantes estenderem o prazo de utiliza\u00e7\u00e3o do financiamento e pedirem a transfer\u00eancia integral de curso ou de institui\u00e7\u00e3o.<\/p>\n\n\n\n<p>Caso a renova\u00e7\u00e3o tenha alguma altera\u00e7\u00e3o nas cl\u00e1usulas do contrato, o estudante precisa levar a nova documenta\u00e7\u00e3o ao agente financeiro (Banco do Brasil ou Caixa Econ\u00f4mica), para finalizar o processo.<\/p>\n\n\n\n<p>Nos aditamentos simplificados, a renova\u00e7\u00e3o \u00e9 formalizada a partir da valida\u00e7\u00e3o do estudante no sistema.<\/p>\n\n\n\n<p>A estimativa do Fundo Nacional do Desenvolvimento da Educa\u00e7\u00e3o \u00e9 de que neste semestre, cerca de 600 mil contratos sejam renovados.<\/p>\n\n\n\n<p>O Fies concede financiamento a estudantes em cursos superiores n\u00e3o gratuitos, com avalia\u00e7\u00e3o positiva nos processos conduzidos pelo Minist\u00e9rio da Educa\u00e7\u00e3o.<\/p>\n","protected":false},"excerpt":{"rendered":"<p>Hoje (15) \u00e9 o \u00faltimo dia para renovar os contratos do Fundo de Financiamento Estudantil (Fies) do primeiro semestre de 2019. Para a renova\u00e7\u00e3o, os&hellip; <\/p>\n","protected":false},"author":1,"featured_media":86582,"comment_status":"closed","ping_status":"closed","sticky":false,"template":"","format":"standard","meta":{"sfsi_plus_gutenberg_text_before_share":"","sfsi_plus_gutenberg_show_text_before_share":"","sfsi_plus_gutenberg_icon_type":"","sfsi_plus_gutenberg_icon_alignemt":"","sfsi_plus_gutenburg_max_per_row":"","footnotes":""},"categories":[50,14],"tags":[],"class_list":["post-95164","post","type-post","status-publish","format-standard","has-post-thumbnail","hentry","category-destaque","category-educacao"],"_links":{"self":[{"href":"https:\/\/www.caririemacao.com\/1\/wp-json\/wp\/v2\/posts\/95164","targetHints":{"allow":["GET"]}}],"collection":[{"href":"https:\/\/www.caririemacao.com\/1\/wp-json\/wp\/v2\/posts"}],"about":[{"href":"https:\/\/www.caririemacao.com\/1\/wp-json\/wp\/v2\/types\/post"}],"author":[{"embeddable":true,"href":"https:\/\/www.caririemacao.com\/1\/wp-json\/wp\/v2\/users\/1"}],"replies":[{"embeddable":true,"href":"https:\/\/www.caririemacao.com\/1\/wp-json\/wp\/v2\/comments?post=95164"}],"version-history":[{"count":1,"href":"https:\/\/www.caririemacao.com\/1\/wp-json\/wp\/v2\/posts\/95164\/revisions"}],"predecessor-version":[{"id":95165,"href":"https:\/\/www.caririemacao.com\/1\/wp-json\/wp\/v2\/posts\/95164\/revisions\/95165"}],"wp:featuredmedia":[{"embeddable":true,"href":"https:\/\/www.caririemacao.com\/1\/wp-json\/wp\/v2\/media\/86582"}],"wp:attachment":[{"href":"https:\/\/www.caririemacao.com\/1\/wp-json\/wp\/v2\/media?parent=95164"}],"wp:term":[{"taxonomy":"category","embeddable":true,"href":"https:\/\/www.caririemacao.com\/1\/wp-json\/wp\/v2\/categories?post=95164"},{"taxonomy":"post_tag","embeddable":true,"href":"https:\/\/www.caririemacao.com\/1\/wp-json\/wp\/v2\/tags?post=95164"}],"curies":[{"name":"wp","href":"https:\/\/api.w.org\/{rel}","templated":true}]}}