{"id":95177,"date":"2019-05-15T13:56:25","date_gmt":"2019-05-15T16:56:25","guid":{"rendered":"http:\/\/www.caririemacao.com\/1\/?p=95177"},"modified":"2019-05-15T14:23:38","modified_gmt":"2019-05-15T17:23:38","slug":"camara-realiza-sessao-especial-e-homenageia-as-mulheres-caraubenses","status":"publish","type":"post","link":"https:\/\/www.caririemacao.com\/1\/2019\/05\/15\/camara-realiza-sessao-especial-e-homenageia-as-mulheres-caraubenses\/","title":{"rendered":"C\u00e2mara realiza Sess\u00e3o Especial e homenageia as mulheres caraubenses"},"content":{"rendered":"\n<p>O Dia 14 de maio de 2019 ficou marcado para a hist\u00f3ria do munic\u00edpio de Cara\u00fabas, no Cariri Paraibano, com a realiza\u00e7\u00e3o de uma sess\u00e3o especial para homenagear as m\u00e3es e mulheres caraubenses.<\/p>\n\n\n\n<p>Para a vereadora Neide Fernandes, autora do requerimento para a sess\u00e3o especial, e que tamb\u00e9m presidiu a sess\u00e3o, a homenagem \u00e9 o reconhecimento do Poder Legislativo a todas as mulheres do munic\u00edpio. &#8220;Essa homenagem representa o reconhecimento dos vereadores com as mulheres caraubenses\u201d, comentou.<\/p>\n\n\n\n<p>Estiveram presentes \u00e0 sess\u00e3o especial os vereadores Nero, Neide,\nF\u00e1bio, Tomaz, Teinha, Nerivan, Bazoca e Renivan, o prefeito Silvano Dudu, secret\u00e1rios\nmunicipais, a m\u00e9dica Caliandra Cavalcante, os advogados Dra. Soraia Holanda e\nH\u00e9rcules Holanda (vereador de Serra Branca).<\/p>\n\n\n\n<p>A vereadora Neide que presidiu a sess\u00e3o , de forma especial,  disse que o momento refere-se a uma celebra\u00e7\u00e3o de conquistas sociais, pol\u00edticas e econ\u00f4micas das mulheres ao longo dos anos.<\/p>\n\n\n\n<p>De acordo com o presidente da C\u00e2mara Municipal de Cara\u00fabas, vereador Jos\u00e9 Franconero, esta homenagem \u00e9 uma oportunidade de evidenciar e lembrar a import\u00e2ncia da mulher e seus desafios na sociedade atual, bem como, a necessidade de uma maior participa\u00e7\u00e3o da mulher na pol\u00edtica local.<\/p>\n\n\n\n<p>J\u00e1 a secret\u00e1ria de assist\u00eancia social, Fl\u00e1via Emanoela, comentou que o munic\u00edpio estar\u00e1 em breve aderindo ao selo \u2018Prefeitura Parceira da Mulher\u2019, criado pela Federa\u00e7\u00e3o das Associa\u00e7\u00f5es de Munic\u00edpios da Para\u00edba (Famup), em parceria com o Governo do Estado com o principal objetivo de estimular os gestores e gestoras municipais a adotarem medidas voltadas para o trabalho de pol\u00edticas p\u00fablicas para as mulheres. <\/p>\n\n\n\n<p>O prefeito Silvano agradeceu a presen\u00e7a das mulheres na\nsess\u00e3o e as parabenizou pela garra luta e determina\u00e7\u00e3o na correria di\u00e1ria,\nemprego, casa, filhos, e sempre sobra um sorriso carinhoso nos l\u00e1bios. Ele\nenfatizou ainda, que \u00e9 necess\u00e1rio avan\u00e7ar ainda mais, ver a mulher mais presente\nna atual sociedade, ser protagonista, e estar atuante tamb\u00e9m na vida pol\u00edtica\ndo munic\u00edpio e estado.<\/p>\n\n\n\n<p>No final, o presidente Nero ofereceu um coffee break para todos os presentes. <\/p>\n\n\n\n<p><a href=\"https:\/\/www.facebook.com\/pg\/CaririEmAcao\/photos\/?tab=album&amp;album_id=1546337365502281\">CLIQUE AQUI E VEJA TODAS AS FOTOS. <\/a><\/p>\n","protected":false},"excerpt":{"rendered":"<p>O Dia 14 de maio de 2019 ficou marcado para a hist\u00f3ria do munic\u00edpio de Cara\u00fabas, no Cariri Paraibano, com a realiza\u00e7\u00e3o de uma sess\u00e3o&hellip; <\/p>\n","protected":false},"author":2,"featured_media":95203,"comment_status":"closed","ping_status":"closed","sticky":false,"template":"","format":"standard","meta":{"sfsi_plus_gutenberg_text_before_share":"","sfsi_plus_gutenberg_show_text_before_share":"","sfsi_plus_gutenberg_icon_type":"","sfsi_plus_gutenberg_icon_alignemt":"","sfsi_plus_gutenburg_max_per_row":"","footnotes":""},"categories":[50,2],"tags":[],"class_list":["post-95177","post","type-post","status-publish","format-standard","has-post-thumbnail","hentry","category-destaque","category-geral"],"_links":{"self":[{"href":"https:\/\/www.caririemacao.com\/1\/wp-json\/wp\/v2\/posts\/95177","targetHints":{"allow":["GET"]}}],"collection":[{"href":"https:\/\/www.caririemacao.com\/1\/wp-json\/wp\/v2\/posts"}],"about":[{"href":"https:\/\/www.caririemacao.com\/1\/wp-json\/wp\/v2\/types\/post"}],"author":[{"embeddable":true,"href":"https:\/\/www.caririemacao.com\/1\/wp-json\/wp\/v2\/users\/2"}],"replies":[{"embeddable":true,"href":"https:\/\/www.caririemacao.com\/1\/wp-json\/wp\/v2\/comments?post=95177"}],"version-history":[{"count":3,"href":"https:\/\/www.caririemacao.com\/1\/wp-json\/wp\/v2\/posts\/95177\/revisions"}],"predecessor-version":[{"id":95222,"href":"https:\/\/www.caririemacao.com\/1\/wp-json\/wp\/v2\/posts\/95177\/revisions\/95222"}],"wp:featuredmedia":[{"embeddable":true,"href":"https:\/\/www.caririemacao.com\/1\/wp-json\/wp\/v2\/media\/95203"}],"wp:attachment":[{"href":"https:\/\/www.caririemacao.com\/1\/wp-json\/wp\/v2\/media?parent=95177"}],"wp:term":[{"taxonomy":"category","embeddable":true,"href":"https:\/\/www.caririemacao.com\/1\/wp-json\/wp\/v2\/categories?post=95177"},{"taxonomy":"post_tag","embeddable":true,"href":"https:\/\/www.caririemacao.com\/1\/wp-json\/wp\/v2\/tags?post=95177"}],"curies":[{"name":"wp","href":"https:\/\/api.w.org\/{rel}","templated":true}]}}