{"id":95185,"date":"2019-05-15T13:00:54","date_gmt":"2019-05-15T16:00:54","guid":{"rendered":"http:\/\/www.caririemacao.com\/1\/?p=95185"},"modified":"2019-05-15T13:00:54","modified_gmt":"2019-05-15T16:00:54","slug":"estudantes-professores-e-pessoas-ligadas-a-educacao-realizam-manifestacoes-em-monteiro-no-dia-da-greve-nacional","status":"publish","type":"post","link":"https:\/\/www.caririemacao.com\/1\/2019\/05\/15\/estudantes-professores-e-pessoas-ligadas-a-educacao-realizam-manifestacoes-em-monteiro-no-dia-da-greve-nacional\/","title":{"rendered":"Estudantes, professores e pessoas ligadas \u00e0 educa\u00e7\u00e3o realizam manifesta\u00e7\u00f5es em Monteiro no dia da greve nacional"},"content":{"rendered":"\n<p>Professores, diretores, estudantes e funcion\u00e1rios de estabelecimentos da educa\u00e7\u00e3o que funcionam em Monteiro realizaram atos e manifesta\u00e7\u00f5es nesta quarta feira pela manh\u00e3, em protesto contra as medidas tomadas pelo atual governo federal na \u00e1rea educacional.<br>Na c\u00e2mara municipal foi realizada uma audi\u00eancia p\u00fablica com a presen\u00e7a de dezenas de representantes das escolas da rede municipal, estadual, IFPB, UEPB, SINTEP e Sindicato dos servidores p\u00fablicos municipais, entre outros.<br>Nas ruas da cidade, alunos do IFPB fizeram uma passeata com apita\u00e7o, cartazes e palavras de ordem, e se uniram aos participantes da audi\u00eancia p\u00fablica, percorrendo as principais avenidas do centro e com desfecho na Pra\u00e7a Jo\u00e3o Pessoa onde houve uma s\u00e9rie de discursos acalorados sobre a problem\u00e1tica enfrentada.<br>De acordo com a vereadora Jacira Oliveira, que \u00e9 professora da rede municipal, haver\u00e1 novas manifesta\u00e7\u00f5es em breve, e a luta est\u00e1 apenas come\u00e7ando.<br><strong>FABIO BRITO&nbsp;&nbsp;&nbsp;<\/strong><\/p>\n","protected":false},"excerpt":{"rendered":"<p>Professores, diretores, estudantes e funcion\u00e1rios de estabelecimentos da educa\u00e7\u00e3o que funcionam em Monteiro realizaram atos e manifesta\u00e7\u00f5es nesta quarta feira pela manh\u00e3, em protesto contra&hellip; <\/p>\n","protected":false},"author":1,"featured_media":95080,"comment_status":"closed","ping_status":"closed","sticky":false,"template":"","format":"standard","meta":{"sfsi_plus_gutenberg_text_before_share":"","sfsi_plus_gutenberg_show_text_before_share":"","sfsi_plus_gutenberg_icon_type":"","sfsi_plus_gutenberg_icon_alignemt":"","sfsi_plus_gutenburg_max_per_row":"","footnotes":""},"categories":[2],"tags":[],"class_list":["post-95185","post","type-post","status-publish","format-standard","has-post-thumbnail","hentry","category-geral"],"_links":{"self":[{"href":"https:\/\/www.caririemacao.com\/1\/wp-json\/wp\/v2\/posts\/95185","targetHints":{"allow":["GET"]}}],"collection":[{"href":"https:\/\/www.caririemacao.com\/1\/wp-json\/wp\/v2\/posts"}],"about":[{"href":"https:\/\/www.caririemacao.com\/1\/wp-json\/wp\/v2\/types\/post"}],"author":[{"embeddable":true,"href":"https:\/\/www.caririemacao.com\/1\/wp-json\/wp\/v2\/users\/1"}],"replies":[{"embeddable":true,"href":"https:\/\/www.caririemacao.com\/1\/wp-json\/wp\/v2\/comments?post=95185"}],"version-history":[{"count":1,"href":"https:\/\/www.caririemacao.com\/1\/wp-json\/wp\/v2\/posts\/95185\/revisions"}],"predecessor-version":[{"id":95187,"href":"https:\/\/www.caririemacao.com\/1\/wp-json\/wp\/v2\/posts\/95185\/revisions\/95187"}],"wp:featuredmedia":[{"embeddable":true,"href":"https:\/\/www.caririemacao.com\/1\/wp-json\/wp\/v2\/media\/95080"}],"wp:attachment":[{"href":"https:\/\/www.caririemacao.com\/1\/wp-json\/wp\/v2\/media?parent=95185"}],"wp:term":[{"taxonomy":"category","embeddable":true,"href":"https:\/\/www.caririemacao.com\/1\/wp-json\/wp\/v2\/categories?post=95185"},{"taxonomy":"post_tag","embeddable":true,"href":"https:\/\/www.caririemacao.com\/1\/wp-json\/wp\/v2\/tags?post=95185"}],"curies":[{"name":"wp","href":"https:\/\/api.w.org\/{rel}","templated":true}]}}