{"id":95191,"date":"2019-05-15T13:02:32","date_gmt":"2019-05-15T16:02:32","guid":{"rendered":"http:\/\/www.caririemacao.com\/1\/?p=95191"},"modified":"2019-05-15T13:02:32","modified_gmt":"2019-05-15T16:02:32","slug":"prefeitura-da-prata-realiza-semana-de-luta-antimanicomial","status":"publish","type":"post","link":"https:\/\/www.caririemacao.com\/1\/2019\/05\/15\/prefeitura-da-prata-realiza-semana-de-luta-antimanicomial\/","title":{"rendered":"Prefeitura da Prata realiza semana de luta antimanicomial"},"content":{"rendered":"\n<figure class=\"wp-block-image\"><a href=\"https:\/\/1.bp.blogspot.com\/-el5CEYNTljo\/XNvzwHkbtEI\/AAAAAAAAFno\/hr1yN-ZPYowyUNtQ4aq53d3vF3MjxAaagCLcBGAs\/s1600\/2.jpg\"><img decoding=\"async\" data-src=\"https:\/\/1.bp.blogspot.com\/-el5CEYNTljo\/XNvzwHkbtEI\/AAAAAAAAFno\/hr1yN-ZPYowyUNtQ4aq53d3vF3MjxAaagCLcBGAs\/s280\/2.jpg\" alt=\"\" src=\"data:image\/svg+xml;base64,PHN2ZyB3aWR0aD0iMSIgaGVpZ2h0PSIxIiB4bWxucz0iaHR0cDovL3d3dy53My5vcmcvMjAwMC9zdmciPjwvc3ZnPg==\" class=\"lazyload\" \/><\/a><\/figure>\n\n\n\n<p>A Secretaria Municipal de Sa\u00fade da Prata atrav\u00e9s do CAPS I &#8211; Amara do Carmo Bezerra, iniciou nesta ter\u00e7a feira a Semana da Luta Antimanicomial,<br>A programa\u00e7\u00e3o consta inicialmente de palestras educativas nas Escolas das redes estadual e municipal, resgatando a mem\u00f3ria de milagres de pessoas no Brasil consideradas loucas que foram tratadas de forma desumana, enjauladas e presas por muito tempo.<br>Essa data faz refer\u00eancia para que isso nunca mais volte a acontecer.<br>J\u00e1 na quinta-feira (16\/5) haver\u00e1 caminhada com os usu\u00e1rios de Prata, Ouro Velho e Amparo na avenida principal. Esteja conosco nessa luta. Prender n\u00e3o \u00e9 tratar! Manic\u00f4mios nunca mais! CAPS sim!<br><strong>F\u00c1BIO BRITO<\/strong><\/p>\n","protected":false},"excerpt":{"rendered":"<p>A Secretaria Municipal de Sa\u00fade da Prata atrav\u00e9s do CAPS I &#8211; Amara do Carmo Bezerra, iniciou nesta ter\u00e7a feira a Semana da Luta Antimanicomial,A&hellip; <\/p>\n","protected":false},"author":1,"featured_media":27802,"comment_status":"closed","ping_status":"closed","sticky":false,"template":"","format":"standard","meta":{"sfsi_plus_gutenberg_text_before_share":"","sfsi_plus_gutenberg_show_text_before_share":"","sfsi_plus_gutenberg_icon_type":"","sfsi_plus_gutenberg_icon_alignemt":"","sfsi_plus_gutenburg_max_per_row":"","footnotes":""},"categories":[2],"tags":[],"class_list":["post-95191","post","type-post","status-publish","format-standard","has-post-thumbnail","hentry","category-geral"],"_links":{"self":[{"href":"https:\/\/www.caririemacao.com\/1\/wp-json\/wp\/v2\/posts\/95191","targetHints":{"allow":["GET"]}}],"collection":[{"href":"https:\/\/www.caririemacao.com\/1\/wp-json\/wp\/v2\/posts"}],"about":[{"href":"https:\/\/www.caririemacao.com\/1\/wp-json\/wp\/v2\/types\/post"}],"author":[{"embeddable":true,"href":"https:\/\/www.caririemacao.com\/1\/wp-json\/wp\/v2\/users\/1"}],"replies":[{"embeddable":true,"href":"https:\/\/www.caririemacao.com\/1\/wp-json\/wp\/v2\/comments?post=95191"}],"version-history":[{"count":1,"href":"https:\/\/www.caririemacao.com\/1\/wp-json\/wp\/v2\/posts\/95191\/revisions"}],"predecessor-version":[{"id":95192,"href":"https:\/\/www.caririemacao.com\/1\/wp-json\/wp\/v2\/posts\/95191\/revisions\/95192"}],"wp:featuredmedia":[{"embeddable":true,"href":"https:\/\/www.caririemacao.com\/1\/wp-json\/wp\/v2\/media\/27802"}],"wp:attachment":[{"href":"https:\/\/www.caririemacao.com\/1\/wp-json\/wp\/v2\/media?parent=95191"}],"wp:term":[{"taxonomy":"category","embeddable":true,"href":"https:\/\/www.caririemacao.com\/1\/wp-json\/wp\/v2\/categories?post=95191"},{"taxonomy":"post_tag","embeddable":true,"href":"https:\/\/www.caririemacao.com\/1\/wp-json\/wp\/v2\/tags?post=95191"}],"curies":[{"name":"wp","href":"https:\/\/api.w.org\/{rel}","templated":true}]}}