{"id":95223,"date":"2019-05-15T15:08:18","date_gmt":"2019-05-15T18:08:18","guid":{"rendered":"http:\/\/www.caririemacao.com\/1\/?p=95223"},"modified":"2019-05-15T15:08:18","modified_gmt":"2019-05-15T18:08:18","slug":"ministro-da-educacao-fala-sobre-bloqueio-de-recursos-para-universidades","status":"publish","type":"post","link":"https:\/\/www.caririemacao.com\/1\/2019\/05\/15\/ministro-da-educacao-fala-sobre-bloqueio-de-recursos-para-universidades\/","title":{"rendered":"Ministro da Educa\u00e7\u00e3o fala sobre bloqueio de recursos para universidades"},"content":{"rendered":"\n<p><a href=\"https:\/\/www.clickpb.com.br\/brasil\/\"><\/a><\/p>\n\n\n\n<figure><iframe width=\"480\" height=\"360\" allowfullscreen=\"\" data-src=\"https:\/\/www.youtube.com\/embed\/pcZNPBoIxck?wmode=opaque\" src=\"data:image\/svg+xml;base64,PHN2ZyB3aWR0aD0iMSIgaGVpZ2h0PSIxIiB4bWxucz0iaHR0cDovL3d3dy53My5vcmcvMjAwMC9zdmciPjwvc3ZnPg==\" class=\"lazyload\" data-load-mode=\"1\"><\/iframe><\/figure>\n\n\n\n<h4 class=\"wp-block-heading\">ACOMPANHE<\/h4>\n\n\n\n<p>O ministro da Educa\u00e7\u00e3o, Abraham Weintraub, estar\u00e1 na C\u00e2mara dos Deputados na tarde desta quarta-feira (15) para detalhar como ser\u00e1 feito o bloqueio de verbas de universidades p\u00fablicas e institutos federais.&nbsp;<\/p>\n\n\n\n<p>A convoca\u00e7\u00e3o de Weintraub, que o obriga a comparecer \u00e0 comiss\u00e3o geral, foi aprovada pelos parlamentares ontem (14), por 307 votos a 82.&nbsp;<\/p>\n\n\n\n<p>A sess\u00e3o est\u00e1 marcada para come\u00e7ar \u00e0s 15h, no plen\u00e1rio da C\u00e2mara, e ser\u00e1 acompanhada em tempo real.<\/p>\n\n\n\n<p>A oitiva do ministro acontece no mesmo dia em que foram convocadas manifesta\u00e7\u00f5es por todo o pa\u00eds contra o contingenciamento de recursos para a educa\u00e7\u00e3o. De acordo com o Minist\u00e9rio da Educa\u00e7\u00e3o, &#8220;o bloqueio preventivo realizado nos \u00faltimos dias atinge apenas 3,4% do or\u00e7amento total das universidades federais&#8221;.<\/p>\n","protected":false},"excerpt":{"rendered":"<p>ACOMPANHE O ministro da Educa\u00e7\u00e3o, Abraham Weintraub, estar\u00e1 na C\u00e2mara dos Deputados na tarde desta quarta-feira (15) para detalhar como ser\u00e1 feito o bloqueio de&hellip; <\/p>\n","protected":false},"author":1,"featured_media":93608,"comment_status":"closed","ping_status":"closed","sticky":false,"template":"","format":"standard","meta":{"sfsi_plus_gutenberg_text_before_share":"","sfsi_plus_gutenberg_show_text_before_share":"","sfsi_plus_gutenberg_icon_type":"","sfsi_plus_gutenberg_icon_alignemt":"","sfsi_plus_gutenburg_max_per_row":"","footnotes":""},"categories":[11],"tags":[],"class_list":["post-95223","post","type-post","status-publish","format-standard","has-post-thumbnail","hentry","category-politica"],"_links":{"self":[{"href":"https:\/\/www.caririemacao.com\/1\/wp-json\/wp\/v2\/posts\/95223","targetHints":{"allow":["GET"]}}],"collection":[{"href":"https:\/\/www.caririemacao.com\/1\/wp-json\/wp\/v2\/posts"}],"about":[{"href":"https:\/\/www.caririemacao.com\/1\/wp-json\/wp\/v2\/types\/post"}],"author":[{"embeddable":true,"href":"https:\/\/www.caririemacao.com\/1\/wp-json\/wp\/v2\/users\/1"}],"replies":[{"embeddable":true,"href":"https:\/\/www.caririemacao.com\/1\/wp-json\/wp\/v2\/comments?post=95223"}],"version-history":[{"count":1,"href":"https:\/\/www.caririemacao.com\/1\/wp-json\/wp\/v2\/posts\/95223\/revisions"}],"predecessor-version":[{"id":95224,"href":"https:\/\/www.caririemacao.com\/1\/wp-json\/wp\/v2\/posts\/95223\/revisions\/95224"}],"wp:featuredmedia":[{"embeddable":true,"href":"https:\/\/www.caririemacao.com\/1\/wp-json\/wp\/v2\/media\/93608"}],"wp:attachment":[{"href":"https:\/\/www.caririemacao.com\/1\/wp-json\/wp\/v2\/media?parent=95223"}],"wp:term":[{"taxonomy":"category","embeddable":true,"href":"https:\/\/www.caririemacao.com\/1\/wp-json\/wp\/v2\/categories?post=95223"},{"taxonomy":"post_tag","embeddable":true,"href":"https:\/\/www.caririemacao.com\/1\/wp-json\/wp\/v2\/tags?post=95223"}],"curies":[{"name":"wp","href":"https:\/\/api.w.org\/{rel}","templated":true}]}}