{"id":95228,"date":"2019-05-15T15:11:09","date_gmt":"2019-05-15T18:11:09","guid":{"rendered":"http:\/\/www.caririemacao.com\/1\/?p=95228"},"modified":"2019-05-15T15:11:09","modified_gmt":"2019-05-15T18:11:09","slug":"joao-azevedo-anuncia-injecao-de-mais-de-meio-bi-na-economia-com-pagamento-de-salario-e-metade-do-decimo","status":"publish","type":"post","link":"https:\/\/www.caririemacao.com\/1\/2019\/05\/15\/joao-azevedo-anuncia-injecao-de-mais-de-meio-bi-na-economia-com-pagamento-de-salario-e-metade-do-decimo\/","title":{"rendered":"Jo\u00e3o Azev\u00eado anuncia inje\u00e7\u00e3o de mais de meio bi na economia com pagamento de sal\u00e1rio e metade do d\u00e9cimo"},"content":{"rendered":"\n<p>O governador Jo\u00e3o Azev\u00eado (PSB) anunciou, nesta quarta-feira (15), o pagamento primeira parcela&nbsp;do d\u00e9cimo terceiro sal\u00e1rio dos servidores estaduais da Para\u00edba, al\u00e9m do pagamento referente ao m\u00eas de maio. O socialista garantiu que o pagamento do d\u00e9cimo ser\u00e1 transferido aos servidores antes do S\u00e3o Jo\u00e3o. Somente a folha do m\u00eas de maio \u00e9 superior a&nbsp;R$ 350 milh\u00f5es. Somado \u00e0&nbsp;primeira parcela do d\u00e9cimo, isso&nbsp;representar\u00e1 uma inje\u00e7\u00e3o, nesse per\u00edodo,&nbsp;de mais de meio bilh\u00e3o na economia.<\/p>\n\n\n\n<p>O governador destacou o equil\u00edbrio das contas p\u00fablicas da Para\u00edba e confirmou v\u00e1rios concursos previstos no Estado. Entre os concursos, est\u00e1 com inscri\u00e7\u00f5es abertas o certame para preenchimento de vagas de professores, com 1.000 vagas. Jo\u00e3o tamb\u00e9m informou que vai nomear, no segundo semestre deste ano, mais 500 concursados da Pol\u00edcia Militar, aprovados em concurso j\u00e1 realizado, e confirmou a realiza\u00e7\u00e3o de concurso para preenchimento de 400 vagas na Fundac. Tamb\u00e9m est\u00e3o previstos concursos para a Procuradoria Geral do Estado e Aesa.&nbsp;<\/p>\n\n\n\n<p>Em rela\u00e7\u00e3o a obras, o governador afirmou que o Governo do Estado est\u00e1 finalizando um projeto para lan\u00e7ar o Programa Caminhos da Para\u00edba II. O Governo deve construir mais 500km de estradas, garantindo liga\u00e7\u00f5es importantes entre regi\u00f5es do Estado. Entre os projetos est\u00e3o a constru\u00e7\u00e3o da estrada de Pil\u00f5es a Serraria, e a estrada de Serraria a Sol\u00e2nea tamb\u00e9m est\u00e1 em estudo.<\/p>\n","protected":false},"excerpt":{"rendered":"<p>O governador Jo\u00e3o Azev\u00eado (PSB) anunciou, nesta quarta-feira (15), o pagamento primeira parcela&nbsp;do d\u00e9cimo terceiro sal\u00e1rio dos servidores estaduais da Para\u00edba, al\u00e9m do pagamento referente&hellip; <\/p>\n","protected":false},"author":1,"featured_media":88580,"comment_status":"closed","ping_status":"closed","sticky":false,"template":"","format":"standard","meta":{"sfsi_plus_gutenberg_text_before_share":"","sfsi_plus_gutenberg_show_text_before_share":"","sfsi_plus_gutenberg_icon_type":"","sfsi_plus_gutenberg_icon_alignemt":"","sfsi_plus_gutenburg_max_per_row":"","footnotes":""},"categories":[11],"tags":[],"class_list":["post-95228","post","type-post","status-publish","format-standard","has-post-thumbnail","hentry","category-politica"],"_links":{"self":[{"href":"https:\/\/www.caririemacao.com\/1\/wp-json\/wp\/v2\/posts\/95228","targetHints":{"allow":["GET"]}}],"collection":[{"href":"https:\/\/www.caririemacao.com\/1\/wp-json\/wp\/v2\/posts"}],"about":[{"href":"https:\/\/www.caririemacao.com\/1\/wp-json\/wp\/v2\/types\/post"}],"author":[{"embeddable":true,"href":"https:\/\/www.caririemacao.com\/1\/wp-json\/wp\/v2\/users\/1"}],"replies":[{"embeddable":true,"href":"https:\/\/www.caririemacao.com\/1\/wp-json\/wp\/v2\/comments?post=95228"}],"version-history":[{"count":1,"href":"https:\/\/www.caririemacao.com\/1\/wp-json\/wp\/v2\/posts\/95228\/revisions"}],"predecessor-version":[{"id":95230,"href":"https:\/\/www.caririemacao.com\/1\/wp-json\/wp\/v2\/posts\/95228\/revisions\/95230"}],"wp:featuredmedia":[{"embeddable":true,"href":"https:\/\/www.caririemacao.com\/1\/wp-json\/wp\/v2\/media\/88580"}],"wp:attachment":[{"href":"https:\/\/www.caririemacao.com\/1\/wp-json\/wp\/v2\/media?parent=95228"}],"wp:term":[{"taxonomy":"category","embeddable":true,"href":"https:\/\/www.caririemacao.com\/1\/wp-json\/wp\/v2\/categories?post=95228"},{"taxonomy":"post_tag","embeddable":true,"href":"https:\/\/www.caririemacao.com\/1\/wp-json\/wp\/v2\/tags?post=95228"}],"curies":[{"name":"wp","href":"https:\/\/api.w.org\/{rel}","templated":true}]}}