{"id":95229,"date":"2019-05-15T15:24:00","date_gmt":"2019-05-15T18:24:00","guid":{"rendered":"http:\/\/www.caririemacao.com\/1\/?p=95229"},"modified":"2019-05-15T15:24:00","modified_gmt":"2019-05-15T18:24:00","slug":"lenilson-bezerra-parabeniza-a-cidade-de-congo-pelos-60-anos-de-emancipacao-politica","status":"publish","type":"post","link":"https:\/\/www.caririemacao.com\/1\/2019\/05\/15\/lenilson-bezerra-parabeniza-a-cidade-de-congo-pelos-60-anos-de-emancipacao-politica\/","title":{"rendered":"Lenilson Bezerra parabeniza a cidade de Congo pelos 60 anos de Emancipa\u00e7\u00e3o Pol\u00edtica"},"content":{"rendered":"\n<p>O vereador e presidente da C\u00e2mara Municipal de Congo, Lenilson Bezerra (PSB), emitiu mensagem parabenizando a cidade pelos 60 anos de emancipa\u00e7\u00e3o pol\u00edtica de Congo.<\/p>\n\n\n\n<p>Neste dia 15 de maio \u00e9 comemorado 60 anos de emancipa\u00e7\u00e3o pol\u00edtica\nde Congo. Entre tantas vit\u00f3rias hist\u00f3ricas, que recentemente tomam conta dos\ndi\u00e1logos pelos quatro cantos do munic\u00edpio, sem d\u00favida o maior presente \u00e9 o\npovo. Digo isso, porque se n\u00e3o fosse cada um que vive aqui, n\u00e3o seria poss\u00edvel\nalcan\u00e7ar tantas marcas importantes.<\/p>\n\n\n\n<p>Mas quero usar deste momento, para enaltecer cada morador,\ntrabalhador e at\u00e9 visitante, que ajuda a construir diariamente nossa cidade.<\/p>\n\n\n\n<p>Ser congoense, \u00e9 na verdade acordar cedo para trabalhar e\nchegar ao fim do dia com a certeza de que se deu o melhor e que o resultado com\ncerteza vir\u00e1. Ser congoense \u00e9 isso, \u00e9 amar essa terra e sempre lutar para por\ndias melhores para nosso povo!<\/p>\n\n\n\n<p>Obrigado e parab\u00e9ns Congoenses! Parab\u00e9ns minha querida e\namada Congo.<\/p>\n","protected":false},"excerpt":{"rendered":"<p>O vereador e presidente da C\u00e2mara Municipal de Congo, Lenilson Bezerra (PSB), emitiu mensagem parabenizando a cidade pelos 60 anos de emancipa\u00e7\u00e3o pol\u00edtica de Congo.&hellip; <\/p>\n","protected":false},"author":2,"featured_media":83887,"comment_status":"closed","ping_status":"closed","sticky":false,"template":"","format":"standard","meta":{"sfsi_plus_gutenberg_text_before_share":"","sfsi_plus_gutenberg_show_text_before_share":"","sfsi_plus_gutenberg_icon_type":"","sfsi_plus_gutenberg_icon_alignemt":"","sfsi_plus_gutenburg_max_per_row":"","footnotes":""},"categories":[6],"tags":[],"class_list":["post-95229","post","type-post","status-publish","format-standard","has-post-thumbnail","hentry","category-cidades"],"_links":{"self":[{"href":"https:\/\/www.caririemacao.com\/1\/wp-json\/wp\/v2\/posts\/95229","targetHints":{"allow":["GET"]}}],"collection":[{"href":"https:\/\/www.caririemacao.com\/1\/wp-json\/wp\/v2\/posts"}],"about":[{"href":"https:\/\/www.caririemacao.com\/1\/wp-json\/wp\/v2\/types\/post"}],"author":[{"embeddable":true,"href":"https:\/\/www.caririemacao.com\/1\/wp-json\/wp\/v2\/users\/2"}],"replies":[{"embeddable":true,"href":"https:\/\/www.caririemacao.com\/1\/wp-json\/wp\/v2\/comments?post=95229"}],"version-history":[{"count":1,"href":"https:\/\/www.caririemacao.com\/1\/wp-json\/wp\/v2\/posts\/95229\/revisions"}],"predecessor-version":[{"id":95233,"href":"https:\/\/www.caririemacao.com\/1\/wp-json\/wp\/v2\/posts\/95229\/revisions\/95233"}],"wp:featuredmedia":[{"embeddable":true,"href":"https:\/\/www.caririemacao.com\/1\/wp-json\/wp\/v2\/media\/83887"}],"wp:attachment":[{"href":"https:\/\/www.caririemacao.com\/1\/wp-json\/wp\/v2\/media?parent=95229"}],"wp:term":[{"taxonomy":"category","embeddable":true,"href":"https:\/\/www.caririemacao.com\/1\/wp-json\/wp\/v2\/categories?post=95229"},{"taxonomy":"post_tag","embeddable":true,"href":"https:\/\/www.caririemacao.com\/1\/wp-json\/wp\/v2\/tags?post=95229"}],"curies":[{"name":"wp","href":"https:\/\/api.w.org\/{rel}","templated":true}]}}