{"id":95232,"date":"2019-05-15T17:12:41","date_gmt":"2019-05-15T20:12:41","guid":{"rendered":"http:\/\/www.caririemacao.com\/1\/?p=95232"},"modified":"2019-05-15T17:12:41","modified_gmt":"2019-05-15T20:12:41","slug":"bolsonaro-sobre-estudantes-que-protestam-sao-uns-idiotas-uteis-uns-imbecis","status":"publish","type":"post","link":"https:\/\/www.caririemacao.com\/1\/2019\/05\/15\/bolsonaro-sobre-estudantes-que-protestam-sao-uns-idiotas-uteis-uns-imbecis\/","title":{"rendered":"Bolsonaro sobre estudantes que protestam: \u201cs\u00e3o uns idiotas \u00fateis, uns imbecis\u201d"},"content":{"rendered":"\n<p>O presidente Jair Bolsonaro disse nesta quarta-feira (15) em Dallas, no estado norte-americano do Texas, que o bloqueio \u00e9 necess\u00e1rio e que os manifestantes que protestam contra isso no Brasil \u201cuns idiotas \u00fateis, uns imbecis\u201d.<br><\/p>\n\n\n\n<figure><iframe width=\"500\" height=\"281\" data-src=\"https:\/\/www.youtube.com\/embed\/9pPnwgh5kx4\" allowfullscreen=\"\" src=\"data:image\/svg+xml;base64,PHN2ZyB3aWR0aD0iMSIgaGVpZ2h0PSIxIiB4bWxucz0iaHR0cDovL3d3dy53My5vcmcvMjAwMC9zdmciPjwvc3ZnPg==\" class=\"lazyload\" data-load-mode=\"1\"><\/iframe><\/figure>\n\n\n\n<p>\u201c\u00c9 natural, \u00e9 natural. Agora\u2026 a maioria ali \u00e9 militante. \u00c9 militante. N\u00e3o tem nada na cabe\u00e7a. Se perguntar 7 x 8 n\u00e3o sabe. Se perguntar a f\u00f3rmula da \u00e1gua, n\u00e3o sabe. N\u00e3o sabe nada. S\u00e3o uns idiotas \u00fateis, uns imbecis que est\u00e3o sendo utilizados como massa de manobra de uma minoria espertalhona que comp\u00f5e o n\u00facleo de muitas universidades federais do Brasil\u201d, afirmou Bolsonaro.<\/p>\n\n\n\n<p>O presidente afirmou ainda que a \u201ceduca\u00e7\u00e3o tamb\u00e9m est\u00e1 deixando muito a desejar no Brasil. Voc\u00ea pega as provas do Pisa, que eu peguei agora, de tr\u00eas em tr\u00eas anos, de 2000 pra c\u00e1, cada vez mais ladeira abaixo\u201d.<\/p>\n\n\n\n<p>Em um portugu\u00eas quase incompreens\u00edvel, Bolsonaro disse ainda:<\/p>\n\n\n\n<p>\u201cA garotada com 15 anos de idade, da nona s\u00e9rie, 70% n\u00e3o sabe a regra de tr\u00eas simples. Qual o futuro dessas pessoas? Que falta, que t\u00e3o desempregada. Qual \u00e9 o futuro dessas pessoas? Falam porque t\u00e3o desempregados 14 milh\u00f5es, sim, mas parte deles n\u00e3o tem qualquer qualifica\u00e7\u00e3o porque esse cuidado n\u00e3o teve nas administra\u00e7\u00f5es do PT ao longo de 13 ano.\u201d<\/p>\n","protected":false},"excerpt":{"rendered":"<p>O presidente Jair Bolsonaro disse nesta quarta-feira (15) em Dallas, no estado norte-americano do Texas, que o bloqueio \u00e9 necess\u00e1rio e que os manifestantes que&hellip; <\/p>\n","protected":false},"author":1,"featured_media":95246,"comment_status":"closed","ping_status":"closed","sticky":false,"template":"","format":"standard","meta":{"sfsi_plus_gutenberg_text_before_share":"","sfsi_plus_gutenberg_show_text_before_share":"","sfsi_plus_gutenberg_icon_type":"","sfsi_plus_gutenberg_icon_alignemt":"","sfsi_plus_gutenburg_max_per_row":"","footnotes":""},"categories":[11],"tags":[],"class_list":["post-95232","post","type-post","status-publish","format-standard","has-post-thumbnail","hentry","category-politica"],"_links":{"self":[{"href":"https:\/\/www.caririemacao.com\/1\/wp-json\/wp\/v2\/posts\/95232","targetHints":{"allow":["GET"]}}],"collection":[{"href":"https:\/\/www.caririemacao.com\/1\/wp-json\/wp\/v2\/posts"}],"about":[{"href":"https:\/\/www.caririemacao.com\/1\/wp-json\/wp\/v2\/types\/post"}],"author":[{"embeddable":true,"href":"https:\/\/www.caririemacao.com\/1\/wp-json\/wp\/v2\/users\/1"}],"replies":[{"embeddable":true,"href":"https:\/\/www.caririemacao.com\/1\/wp-json\/wp\/v2\/comments?post=95232"}],"version-history":[{"count":1,"href":"https:\/\/www.caririemacao.com\/1\/wp-json\/wp\/v2\/posts\/95232\/revisions"}],"predecessor-version":[{"id":95247,"href":"https:\/\/www.caririemacao.com\/1\/wp-json\/wp\/v2\/posts\/95232\/revisions\/95247"}],"wp:featuredmedia":[{"embeddable":true,"href":"https:\/\/www.caririemacao.com\/1\/wp-json\/wp\/v2\/media\/95246"}],"wp:attachment":[{"href":"https:\/\/www.caririemacao.com\/1\/wp-json\/wp\/v2\/media?parent=95232"}],"wp:term":[{"taxonomy":"category","embeddable":true,"href":"https:\/\/www.caririemacao.com\/1\/wp-json\/wp\/v2\/categories?post=95232"},{"taxonomy":"post_tag","embeddable":true,"href":"https:\/\/www.caririemacao.com\/1\/wp-json\/wp\/v2\/tags?post=95232"}],"curies":[{"name":"wp","href":"https:\/\/api.w.org\/{rel}","templated":true}]}}