{"id":95240,"date":"2019-05-15T16:11:47","date_gmt":"2019-05-15T19:11:47","guid":{"rendered":"http:\/\/www.caririemacao.com\/1\/?p=95240"},"modified":"2019-05-15T16:11:47","modified_gmt":"2019-05-15T19:11:47","slug":"populacao-de-caraubas-realiza-ato-contra-corte-do-mec","status":"publish","type":"post","link":"https:\/\/www.caririemacao.com\/1\/2019\/05\/15\/populacao-de-caraubas-realiza-ato-contra-corte-do-mec\/","title":{"rendered":"Popula\u00e7\u00e3o de Cara\u00fabas realiza ato contra corte do MEC"},"content":{"rendered":"\n<p>Na manh\u00e3 desta quarta-feira, dia 15 de maio, dezenas de funcion\u00e1rios\ne alunos da Rede Municipal de Educa\u00e7\u00e3o de Cara\u00fabas, autoridades e popula\u00e7\u00e3o\nrealizaram ato em defesa da educa\u00e7\u00e3o no Brasil.<\/p>\n\n\n\n<p>O protesto foi contra os cortes de verba na educa\u00e7\u00e3o p\u00fablica, anunciados pelo MEC. O ato teve sua concentra\u00e7\u00e3o em frente \u00e0 Escola Alice Jorge. <\/p>\n\n\n\n<figure class=\"wp-block-image\"><img fetchpriority=\"high\" decoding=\"async\" width=\"1024\" height=\"678\" src=\"http:\/\/www.caririemacao.com\/1\/wp-content\/uploads\/2019\/05\/DSC_0067-1024x678.jpg\" alt=\"\" class=\"wp-image-95242\" srcset=\"https:\/\/www.caririemacao.com\/1\/wp-content\/uploads\/2019\/05\/DSC_0067-1024x678.jpg 1024w, https:\/\/www.caririemacao.com\/1\/wp-content\/uploads\/2019\/05\/DSC_0067-300x199.jpg 300w, https:\/\/www.caririemacao.com\/1\/wp-content\/uploads\/2019\/05\/DSC_0067-768x509.jpg 768w\" sizes=\"(max-width: 1024px) 100vw, 1024px\" \/><\/figure>\n\n\n\n<p>As pessoas realizaram uma grande caminhada pelas ruas da\ncidade pedindo que o governo federal revejam decis\u00f5es arbitr\u00e1rias e atendam os\nseus direitos garantidos constitucionalmente. Al\u00e9m do protesto em defesa da\neduca\u00e7\u00e3o, o movimento, tamb\u00e9m, atrav\u00e9s de cartazes e faixas, demostrou sua\nindigna\u00e7\u00e3o com a reforma da previd\u00eancia. <\/p>\n\n\n\n<p>Em seguida, alunos e professores colocaram os cartazes e faixas no muro da escola Alice Jorge. <\/p>\n\n\n\n<p><a href=\"https:\/\/www.facebook.com\/media\/set\/?set=a.1546593852143299&amp;type=3&amp;uploaded=76\">CLIQUE AQUI E VEJA TODAS AS FOTOS.<\/a><\/p>\n","protected":false},"excerpt":{"rendered":"<p>Na manh\u00e3 desta quarta-feira, dia 15 de maio, dezenas de funcion\u00e1rios e alunos da Rede Municipal de Educa\u00e7\u00e3o de Cara\u00fabas, autoridades e popula\u00e7\u00e3o realizaram ato&hellip; <\/p>\n","protected":false},"author":2,"featured_media":95241,"comment_status":"closed","ping_status":"closed","sticky":false,"template":"","format":"standard","meta":{"sfsi_plus_gutenberg_text_before_share":"","sfsi_plus_gutenberg_show_text_before_share":"","sfsi_plus_gutenberg_icon_type":"","sfsi_plus_gutenberg_icon_alignemt":"","sfsi_plus_gutenburg_max_per_row":"","footnotes":""},"categories":[50,2],"tags":[],"class_list":["post-95240","post","type-post","status-publish","format-standard","has-post-thumbnail","hentry","category-destaque","category-geral"],"_links":{"self":[{"href":"https:\/\/www.caririemacao.com\/1\/wp-json\/wp\/v2\/posts\/95240","targetHints":{"allow":["GET"]}}],"collection":[{"href":"https:\/\/www.caririemacao.com\/1\/wp-json\/wp\/v2\/posts"}],"about":[{"href":"https:\/\/www.caririemacao.com\/1\/wp-json\/wp\/v2\/types\/post"}],"author":[{"embeddable":true,"href":"https:\/\/www.caririemacao.com\/1\/wp-json\/wp\/v2\/users\/2"}],"replies":[{"embeddable":true,"href":"https:\/\/www.caririemacao.com\/1\/wp-json\/wp\/v2\/comments?post=95240"}],"version-history":[{"count":1,"href":"https:\/\/www.caririemacao.com\/1\/wp-json\/wp\/v2\/posts\/95240\/revisions"}],"predecessor-version":[{"id":95243,"href":"https:\/\/www.caririemacao.com\/1\/wp-json\/wp\/v2\/posts\/95240\/revisions\/95243"}],"wp:featuredmedia":[{"embeddable":true,"href":"https:\/\/www.caririemacao.com\/1\/wp-json\/wp\/v2\/media\/95241"}],"wp:attachment":[{"href":"https:\/\/www.caririemacao.com\/1\/wp-json\/wp\/v2\/media?parent=95240"}],"wp:term":[{"taxonomy":"category","embeddable":true,"href":"https:\/\/www.caririemacao.com\/1\/wp-json\/wp\/v2\/categories?post=95240"},{"taxonomy":"post_tag","embeddable":true,"href":"https:\/\/www.caririemacao.com\/1\/wp-json\/wp\/v2\/tags?post=95240"}],"curies":[{"name":"wp","href":"https:\/\/api.w.org\/{rel}","templated":true}]}}