{"id":95251,"date":"2019-05-15T19:14:27","date_gmt":"2019-05-15T22:14:27","guid":{"rendered":"http:\/\/www.caririemacao.com\/1\/?p=95251"},"modified":"2019-05-15T19:14:27","modified_gmt":"2019-05-15T22:14:27","slug":"prefeito-de-sao-joao-do-tigre-assina-convenio-de-transporte-escolar-com-o-governo-do-estado","status":"publish","type":"post","link":"https:\/\/www.caririemacao.com\/1\/2019\/05\/15\/prefeito-de-sao-joao-do-tigre-assina-convenio-de-transporte-escolar-com-o-governo-do-estado\/","title":{"rendered":"Prefeito de S\u00e3o Jo\u00e3o do Tigre assina conv\u00eanio de transporte escolar com o Governo do Estado"},"content":{"rendered":"\n<p>O prefeito de S\u00e3o Jo\u00e3o do Tigre, C\u00e9lio Barbosa, esteve reunido na manh\u00e3 desta quarta-feira (15) com o Gerente Executivo de Assist\u00eancia Escolar Integrada do Estado da Para\u00edba, Hindemburgo Jos\u00e9 Henrique.<br>Na ocasi\u00e3o, foi assinado o conv\u00eanio com o Governo do Estado para o transporte escolar de alunos da rede estadual que moram na zona rural.&nbsp;<br>Os recursos repassados v\u00eam para auxiliar no deslocamento dos estudantes que utilizam o transporte.<br>A parceria entre Prefeitura e Estado representa consolida\u00e7\u00e3o e compromisso no fortalecimento de uma educa\u00e7\u00e3o diferenciada.<\/p>\n","protected":false},"excerpt":{"rendered":"<p>O prefeito de S\u00e3o Jo\u00e3o do Tigre, C\u00e9lio Barbosa, esteve reunido na manh\u00e3 desta quarta-feira (15) com o Gerente Executivo de Assist\u00eancia Escolar Integrada do&hellip; <\/p>\n","protected":false},"author":1,"featured_media":9347,"comment_status":"closed","ping_status":"closed","sticky":false,"template":"","format":"standard","meta":{"sfsi_plus_gutenberg_text_before_share":"","sfsi_plus_gutenberg_show_text_before_share":"","sfsi_plus_gutenberg_icon_type":"","sfsi_plus_gutenberg_icon_alignemt":"","sfsi_plus_gutenburg_max_per_row":"","footnotes":""},"categories":[2],"tags":[],"class_list":["post-95251","post","type-post","status-publish","format-standard","has-post-thumbnail","hentry","category-geral"],"_links":{"self":[{"href":"https:\/\/www.caririemacao.com\/1\/wp-json\/wp\/v2\/posts\/95251","targetHints":{"allow":["GET"]}}],"collection":[{"href":"https:\/\/www.caririemacao.com\/1\/wp-json\/wp\/v2\/posts"}],"about":[{"href":"https:\/\/www.caririemacao.com\/1\/wp-json\/wp\/v2\/types\/post"}],"author":[{"embeddable":true,"href":"https:\/\/www.caririemacao.com\/1\/wp-json\/wp\/v2\/users\/1"}],"replies":[{"embeddable":true,"href":"https:\/\/www.caririemacao.com\/1\/wp-json\/wp\/v2\/comments?post=95251"}],"version-history":[{"count":1,"href":"https:\/\/www.caririemacao.com\/1\/wp-json\/wp\/v2\/posts\/95251\/revisions"}],"predecessor-version":[{"id":95252,"href":"https:\/\/www.caririemacao.com\/1\/wp-json\/wp\/v2\/posts\/95251\/revisions\/95252"}],"wp:featuredmedia":[{"embeddable":true,"href":"https:\/\/www.caririemacao.com\/1\/wp-json\/wp\/v2\/media\/9347"}],"wp:attachment":[{"href":"https:\/\/www.caririemacao.com\/1\/wp-json\/wp\/v2\/media?parent=95251"}],"wp:term":[{"taxonomy":"category","embeddable":true,"href":"https:\/\/www.caririemacao.com\/1\/wp-json\/wp\/v2\/categories?post=95251"},{"taxonomy":"post_tag","embeddable":true,"href":"https:\/\/www.caririemacao.com\/1\/wp-json\/wp\/v2\/tags?post=95251"}],"curies":[{"name":"wp","href":"https:\/\/api.w.org\/{rel}","templated":true}]}}