{"id":95259,"date":"2019-05-15T19:16:03","date_gmt":"2019-05-15T22:16:03","guid":{"rendered":"http:\/\/www.caririemacao.com\/1\/?p=95259"},"modified":"2019-05-15T19:16:03","modified_gmt":"2019-05-15T22:16:03","slug":"prefeito-adriano-wolff-se-reune-com-novo-secretario-executivo-de-educacao-do-estado","status":"publish","type":"post","link":"https:\/\/www.caririemacao.com\/1\/2019\/05\/15\/prefeito-adriano-wolff-se-reune-com-novo-secretario-executivo-de-educacao-do-estado\/","title":{"rendered":"Prefeito Adriano Wolff se re\u00fane com novo Secret\u00e1rio Executivo de Educa\u00e7\u00e3o do Estado"},"content":{"rendered":"\n<p>O Prefeito de S\u00e3o Sebasti\u00e3o do Umbuzeiro, Adriano Wolff, cumpriu agenda nesta quarta-feira (15), em Jo\u00e3o Pessoa. Adriano esteve na Secretaria de Educa\u00e7\u00e3o do Estado, onde se reuniu com o novo secret\u00e1rio-executivo, Gabriel Gomes.<br>O prefeito Adriano avaliou a reuni\u00e3o como muito positiva e afirmou que a pauta foi para alinhar e cobrar algumas demandas que o munic\u00edpio tem para melhorar e fortalecer a estrutura da educa\u00e7\u00e3o do munic\u00edpio<\/p>\n","protected":false},"excerpt":{"rendered":"<p>O Prefeito de S\u00e3o Sebasti\u00e3o do Umbuzeiro, Adriano Wolff, cumpriu agenda nesta quarta-feira (15), em Jo\u00e3o Pessoa. Adriano esteve na Secretaria de Educa\u00e7\u00e3o do Estado,&hellip; <\/p>\n","protected":false},"author":1,"featured_media":95260,"comment_status":"closed","ping_status":"closed","sticky":false,"template":"","format":"standard","meta":{"sfsi_plus_gutenberg_text_before_share":"","sfsi_plus_gutenberg_show_text_before_share":"","sfsi_plus_gutenberg_icon_type":"","sfsi_plus_gutenberg_icon_alignemt":"","sfsi_plus_gutenburg_max_per_row":"","footnotes":""},"categories":[6],"tags":[],"class_list":["post-95259","post","type-post","status-publish","format-standard","has-post-thumbnail","hentry","category-cidades"],"_links":{"self":[{"href":"https:\/\/www.caririemacao.com\/1\/wp-json\/wp\/v2\/posts\/95259","targetHints":{"allow":["GET"]}}],"collection":[{"href":"https:\/\/www.caririemacao.com\/1\/wp-json\/wp\/v2\/posts"}],"about":[{"href":"https:\/\/www.caririemacao.com\/1\/wp-json\/wp\/v2\/types\/post"}],"author":[{"embeddable":true,"href":"https:\/\/www.caririemacao.com\/1\/wp-json\/wp\/v2\/users\/1"}],"replies":[{"embeddable":true,"href":"https:\/\/www.caririemacao.com\/1\/wp-json\/wp\/v2\/comments?post=95259"}],"version-history":[{"count":1,"href":"https:\/\/www.caririemacao.com\/1\/wp-json\/wp\/v2\/posts\/95259\/revisions"}],"predecessor-version":[{"id":95261,"href":"https:\/\/www.caririemacao.com\/1\/wp-json\/wp\/v2\/posts\/95259\/revisions\/95261"}],"wp:featuredmedia":[{"embeddable":true,"href":"https:\/\/www.caririemacao.com\/1\/wp-json\/wp\/v2\/media\/95260"}],"wp:attachment":[{"href":"https:\/\/www.caririemacao.com\/1\/wp-json\/wp\/v2\/media?parent=95259"}],"wp:term":[{"taxonomy":"category","embeddable":true,"href":"https:\/\/www.caririemacao.com\/1\/wp-json\/wp\/v2\/categories?post=95259"},{"taxonomy":"post_tag","embeddable":true,"href":"https:\/\/www.caririemacao.com\/1\/wp-json\/wp\/v2\/tags?post=95259"}],"curies":[{"name":"wp","href":"https:\/\/api.w.org\/{rel}","templated":true}]}}