{"id":95265,"date":"2019-05-15T22:16:15","date_gmt":"2019-05-16T01:16:15","guid":{"rendered":"http:\/\/www.caririemacao.com\/1\/?p=95265"},"modified":"2019-05-15T22:16:15","modified_gmt":"2019-05-16T01:16:15","slug":"camara-de-sume-realiza-sessao-semanal-com-muitas-proposituras-aprovadas","status":"publish","type":"post","link":"https:\/\/www.caririemacao.com\/1\/2019\/05\/15\/camara-de-sume-realiza-sessao-semanal-com-muitas-proposituras-aprovadas\/","title":{"rendered":"C\u00e2mara de Sum\u00e9 realiza sess\u00e3o semanal com muitas proposituras aprovadas"},"content":{"rendered":"\n<p>A C\u00e2mara de Vereadores de Sum\u00e9 realizou na noite desta ter\u00e7a-feira (14\/05), a reuni\u00e3o do Legislativo Sumeense. A reuni\u00e3o semanal foi realizado na Casa C\u00edcero Soares.<\/p>\n\n\n\n<figure class=\"wp-block-image\"><img fetchpriority=\"high\" decoding=\"async\" width=\"1024\" height=\"678\" src=\"http:\/\/www.caririemacao.com\/1\/wp-content\/uploads\/2019\/05\/DSC_0023-1024x678.jpg\" alt=\"\" class=\"wp-image-95285\" srcset=\"https:\/\/www.caririemacao.com\/1\/wp-content\/uploads\/2019\/05\/DSC_0023-1024x678.jpg 1024w, https:\/\/www.caririemacao.com\/1\/wp-content\/uploads\/2019\/05\/DSC_0023-300x199.jpg 300w, https:\/\/www.caririemacao.com\/1\/wp-content\/uploads\/2019\/05\/DSC_0023-768x509.jpg 768w\" sizes=\"(max-width: 1024px) 100vw, 1024px\" \/><\/figure>\n\n\n\n<p>Durante a reuni\u00e3o, foi aprovado o projeto de Lei de autoria\ndo presidente da C\u00e2mara, Le\u00f4nidas Albino (Bomba) que denomina de Rua Ant\u00f4nia\nSalvador de Lima a antiga VI.11 no loteamento Morada Nobre I, Bairro do\nMandacaru.<\/p>\n\n\n\n<p>Foi aprovado o projeto de Lei n\u00ba 517 de autoria do Poder Legislativo que disp\u00f5e sobre a revis\u00e3o geral e anual da remunera\u00e7\u00e3o dos servidores p\u00fablicos do Poder Legislativo do Munic\u00edpio, revisados em 2%.<\/p>\n\n\n\n<figure class=\"wp-block-image\"><img decoding=\"async\" width=\"1024\" height=\"678\" data-src=\"http:\/\/www.caririemacao.com\/1\/wp-content\/uploads\/2019\/05\/DSC_0036-1024x678.jpg\" alt=\"\" class=\"wp-image-95286 lazyload\" data-srcset=\"https:\/\/www.caririemacao.com\/1\/wp-content\/uploads\/2019\/05\/DSC_0036-1024x678.jpg 1024w, https:\/\/www.caririemacao.com\/1\/wp-content\/uploads\/2019\/05\/DSC_0036-300x199.jpg 300w, https:\/\/www.caririemacao.com\/1\/wp-content\/uploads\/2019\/05\/DSC_0036-768x509.jpg 768w\" data-sizes=\"(max-width: 1024px) 100vw, 1024px\" src=\"data:image\/svg+xml;base64,PHN2ZyB3aWR0aD0iMSIgaGVpZ2h0PSIxIiB4bWxucz0iaHR0cDovL3d3dy53My5vcmcvMjAwMC9zdmciPjwvc3ZnPg==\" style=\"--smush-placeholder-width: 1024px; --smush-placeholder-aspect-ratio: 1024\/678;\" \/><\/figure>\n\n\n\n<p>O vereador Jeffeson Menezes apresentou requerimento solicitando ao prefeito \u00c9den Duarte a possibilidade de realizar conv\u00eanio com a Associa\u00e7\u00e3o dos propriet\u00e1rios de Parque de Vaquejada, pistas de prato e afins.<\/p>\n\n\n\n<figure class=\"wp-block-image\"><img decoding=\"async\" width=\"1024\" height=\"678\" data-src=\"http:\/\/www.caririemacao.com\/1\/wp-content\/uploads\/2019\/05\/DSC_0004-1-1024x678.jpg\" alt=\"\" class=\"wp-image-95287 lazyload\" data-srcset=\"https:\/\/www.caririemacao.com\/1\/wp-content\/uploads\/2019\/05\/DSC_0004-1-1024x678.jpg 1024w, https:\/\/www.caririemacao.com\/1\/wp-content\/uploads\/2019\/05\/DSC_0004-1-300x199.jpg 300w, https:\/\/www.caririemacao.com\/1\/wp-content\/uploads\/2019\/05\/DSC_0004-1-768x509.jpg 768w\" data-sizes=\"(max-width: 1024px) 100vw, 1024px\" src=\"data:image\/svg+xml;base64,PHN2ZyB3aWR0aD0iMSIgaGVpZ2h0PSIxIiB4bWxucz0iaHR0cDovL3d3dy53My5vcmcvMjAwMC9zdmciPjwvc3ZnPg==\" style=\"--smush-placeholder-width: 1024px; --smush-placeholder-aspect-ratio: 1024\/678;\" \/><\/figure>\n\n\n\n<p>O vereador Jos\u00e9 Ant\u00f4nio teve seu Projeto de Lei n\u00ba 516\/2019 aprovado por unanimidade que trata sobre a isen\u00e7\u00e3o da taxa de inscri\u00e7\u00e3o de concursos p\u00fablicos de Sum\u00e9, para a popula\u00e7\u00e3o inscrita no Cadastro \u00danico para programas sociais do Governo Federal.<\/p>\n\n\n\n<figure class=\"wp-block-image\"><img decoding=\"async\" width=\"1024\" height=\"678\" data-src=\"http:\/\/www.caririemacao.com\/1\/wp-content\/uploads\/2019\/05\/DSC_0003-1024x678.jpg\" alt=\"\" class=\"wp-image-95288 lazyload\" data-srcset=\"https:\/\/www.caririemacao.com\/1\/wp-content\/uploads\/2019\/05\/DSC_0003-1024x678.jpg 1024w, https:\/\/www.caririemacao.com\/1\/wp-content\/uploads\/2019\/05\/DSC_0003-300x199.jpg 300w, https:\/\/www.caririemacao.com\/1\/wp-content\/uploads\/2019\/05\/DSC_0003-768x509.jpg 768w\" data-sizes=\"(max-width: 1024px) 100vw, 1024px\" src=\"data:image\/svg+xml;base64,PHN2ZyB3aWR0aD0iMSIgaGVpZ2h0PSIxIiB4bWxucz0iaHR0cDovL3d3dy53My5vcmcvMjAwMC9zdmciPjwvc3ZnPg==\" style=\"--smush-placeholder-width: 1024px; --smush-placeholder-aspect-ratio: 1024\/678;\" \/><\/figure>\n\n\n\n<p>Por \u00faltimo, o vereador Juan solicitou cal\u00e7amento para as ruas: Ant\u00f4nio Bezerra de Sousa e Francisco Travassos. Ele tamb\u00e9m pediu que seja trocada a tubula\u00e7\u00e3o de esgoto da Rua Paulo Braz, por uma tubula\u00e7\u00e3o mais larga. Juan ainda subscreveu um requerimento do vereador Branco Xiliu, requerendo a constru\u00e7\u00e3o de uma Pra\u00e7a para o Bairro do Alto da Caixa D\u00b4\u00e1gua.<\/p>\n\n\n\n<p>Ascom\/C\u00e2mara<\/p>\n","protected":false},"excerpt":{"rendered":"<p>A C\u00e2mara de Vereadores de Sum\u00e9 realizou na noite desta ter\u00e7a-feira (14\/05), a reuni\u00e3o do Legislativo Sumeense. A reuni\u00e3o semanal foi realizado na Casa C\u00edcero&hellip; <\/p>\n","protected":false},"author":2,"featured_media":95284,"comment_status":"closed","ping_status":"closed","sticky":false,"template":"","format":"standard","meta":{"sfsi_plus_gutenberg_text_before_share":"","sfsi_plus_gutenberg_show_text_before_share":"","sfsi_plus_gutenberg_icon_type":"","sfsi_plus_gutenberg_icon_alignemt":"","sfsi_plus_gutenburg_max_per_row":"","footnotes":""},"categories":[50,2],"tags":[],"class_list":["post-95265","post","type-post","status-publish","format-standard","has-post-thumbnail","hentry","category-destaque","category-geral"],"_links":{"self":[{"href":"https:\/\/www.caririemacao.com\/1\/wp-json\/wp\/v2\/posts\/95265","targetHints":{"allow":["GET"]}}],"collection":[{"href":"https:\/\/www.caririemacao.com\/1\/wp-json\/wp\/v2\/posts"}],"about":[{"href":"https:\/\/www.caririemacao.com\/1\/wp-json\/wp\/v2\/types\/post"}],"author":[{"embeddable":true,"href":"https:\/\/www.caririemacao.com\/1\/wp-json\/wp\/v2\/users\/2"}],"replies":[{"embeddable":true,"href":"https:\/\/www.caririemacao.com\/1\/wp-json\/wp\/v2\/comments?post=95265"}],"version-history":[{"count":1,"href":"https:\/\/www.caririemacao.com\/1\/wp-json\/wp\/v2\/posts\/95265\/revisions"}],"predecessor-version":[{"id":95289,"href":"https:\/\/www.caririemacao.com\/1\/wp-json\/wp\/v2\/posts\/95265\/revisions\/95289"}],"wp:featuredmedia":[{"embeddable":true,"href":"https:\/\/www.caririemacao.com\/1\/wp-json\/wp\/v2\/media\/95284"}],"wp:attachment":[{"href":"https:\/\/www.caririemacao.com\/1\/wp-json\/wp\/v2\/media?parent=95265"}],"wp:term":[{"taxonomy":"category","embeddable":true,"href":"https:\/\/www.caririemacao.com\/1\/wp-json\/wp\/v2\/categories?post=95265"},{"taxonomy":"post_tag","embeddable":true,"href":"https:\/\/www.caririemacao.com\/1\/wp-json\/wp\/v2\/tags?post=95265"}],"curies":[{"name":"wp","href":"https:\/\/api.w.org\/{rel}","templated":true}]}}