{"id":95291,"date":"2019-05-16T08:22:27","date_gmt":"2019-05-16T11:22:27","guid":{"rendered":"http:\/\/www.caririemacao.com\/1\/?p=95291"},"modified":"2019-05-16T08:22:27","modified_gmt":"2019-05-16T11:22:27","slug":"mensagem-da-prefeitura-de-prata-para-o-dia-do-gari-16-de-maio","status":"publish","type":"post","link":"https:\/\/www.caririemacao.com\/1\/2019\/05\/16\/mensagem-da-prefeitura-de-prata-para-o-dia-do-gari-16-de-maio\/","title":{"rendered":"Mensagem da prefeitura de Prata para o Dia do Gari, 16 de maio"},"content":{"rendered":"\n<p><strong>Em homenagem ao franc\u00eas, Pedro Aleixo Gary que foi a primeira pessoa a assinar um contrato de limpeza p\u00fablica com o Minist\u00e9rio Imperial, foi criado o nome Gari.<\/strong><\/p>\n\n\n\n<p><br><strong>Foi na cidade do Rio de Janeiro, em 11 de outubro de 1876, que come\u00e7ou a ser organizada a remo\u00e7\u00e3o de lixo das casas e praias da cidade. Mais tarde, foi criada a Superintend\u00eancia de Limpeza P\u00fablica e Particular do munic\u00edpio.<\/strong><\/p>\n\n\n\n<p><br><strong>Desde ent\u00e3o esses profissionais trabalham todos os dias com muito empenho e dedica\u00e7\u00e3o para deixar as ruas das cidades limpas.<\/strong><br><strong>Fa\u00e7a a sua parte. Ajude no processo da coleta seletiva, separe o seu lixo por g\u00eanero: pap\u00e9is, vidros, metais e pl\u00e1sticos.<\/strong><\/p>\n\n\n\n<p><strong> Al\u00e9m de facilitar o trabalho dos recicladores, voc\u00ea estar\u00e1 preservando o meio ambiente e ajudando o trabalho dos garis que \u00e9 muito importante para a nossa cidade!<\/strong><\/p>\n","protected":false},"excerpt":{"rendered":"<p>Em homenagem ao franc\u00eas, Pedro Aleixo Gary que foi a primeira pessoa a assinar um contrato de limpeza p\u00fablica com o Minist\u00e9rio Imperial, foi criado&hellip; <\/p>\n","protected":false},"author":1,"featured_media":95292,"comment_status":"closed","ping_status":"closed","sticky":false,"template":"","format":"standard","meta":{"sfsi_plus_gutenberg_text_before_share":"","sfsi_plus_gutenberg_show_text_before_share":"","sfsi_plus_gutenberg_icon_type":"","sfsi_plus_gutenberg_icon_alignemt":"","sfsi_plus_gutenburg_max_per_row":"","footnotes":""},"categories":[6,50],"tags":[],"class_list":["post-95291","post","type-post","status-publish","format-standard","has-post-thumbnail","hentry","category-cidades","category-destaque"],"_links":{"self":[{"href":"https:\/\/www.caririemacao.com\/1\/wp-json\/wp\/v2\/posts\/95291","targetHints":{"allow":["GET"]}}],"collection":[{"href":"https:\/\/www.caririemacao.com\/1\/wp-json\/wp\/v2\/posts"}],"about":[{"href":"https:\/\/www.caririemacao.com\/1\/wp-json\/wp\/v2\/types\/post"}],"author":[{"embeddable":true,"href":"https:\/\/www.caririemacao.com\/1\/wp-json\/wp\/v2\/users\/1"}],"replies":[{"embeddable":true,"href":"https:\/\/www.caririemacao.com\/1\/wp-json\/wp\/v2\/comments?post=95291"}],"version-history":[{"count":1,"href":"https:\/\/www.caririemacao.com\/1\/wp-json\/wp\/v2\/posts\/95291\/revisions"}],"predecessor-version":[{"id":95293,"href":"https:\/\/www.caririemacao.com\/1\/wp-json\/wp\/v2\/posts\/95291\/revisions\/95293"}],"wp:featuredmedia":[{"embeddable":true,"href":"https:\/\/www.caririemacao.com\/1\/wp-json\/wp\/v2\/media\/95292"}],"wp:attachment":[{"href":"https:\/\/www.caririemacao.com\/1\/wp-json\/wp\/v2\/media?parent=95291"}],"wp:term":[{"taxonomy":"category","embeddable":true,"href":"https:\/\/www.caririemacao.com\/1\/wp-json\/wp\/v2\/categories?post=95291"},{"taxonomy":"post_tag","embeddable":true,"href":"https:\/\/www.caririemacao.com\/1\/wp-json\/wp\/v2\/tags?post=95291"}],"curies":[{"name":"wp","href":"https:\/\/api.w.org\/{rel}","templated":true}]}}