{"id":95294,"date":"2019-05-16T08:36:28","date_gmt":"2019-05-16T11:36:28","guid":{"rendered":"http:\/\/www.caririemacao.com\/1\/?p=95294"},"modified":"2019-05-16T08:36:28","modified_gmt":"2019-05-16T11:36:28","slug":"trio-suspeito-de-assaltar-onibus-e-preso-em-flagrante","status":"publish","type":"post","link":"https:\/\/www.caririemacao.com\/1\/2019\/05\/16\/trio-suspeito-de-assaltar-onibus-e-preso-em-flagrante\/","title":{"rendered":"Trio suspeito de assaltar \u00f4nibus \u00e9 preso em flagrante"},"content":{"rendered":"\n<p>Tr\u00eas homens suspeitos de assalto a \u00f4nibus foram presos na tarde desta quarta-feira (15), no bairro do Pedro Gondim, em Jo\u00e3o Pessoa. A pris\u00e3o foi feita pelos policiais do 1\u00b0 Batalh\u00e3o da Pol\u00edcia Militar.<\/p>\n\n\n\n<p>A captura foi realizada logo ap\u00f3s o assalto ao \u00f4nibus, a PM foi acionada e localizou um dos homens, os outros dois tentaram fugir e roubar outro ve\u00edculo, mas foram interceptados.<\/p>\n\n\n\n<p>Um rev\u00f3lver calibre 38, muni\u00e7\u00f5es e uma faca foram apreendidos com os suspeitos. Celulares, rel\u00f3gios e dinheiro das v\u00edtimas foram recuperados pela pol\u00edcia. O trio foi levado \u00e0 Central de Flagrantes.<\/p>\n\n\n\n<p><\/p>\n\n\n\n<p>G1<\/p>\n","protected":false},"excerpt":{"rendered":"<p>Tr\u00eas homens suspeitos de assalto a \u00f4nibus foram presos na tarde desta quarta-feira (15), no bairro do Pedro Gondim, em Jo\u00e3o Pessoa. A pris\u00e3o foi&hellip; <\/p>\n","protected":false},"author":1,"featured_media":86038,"comment_status":"closed","ping_status":"closed","sticky":false,"template":"","format":"standard","meta":{"sfsi_plus_gutenberg_text_before_share":"","sfsi_plus_gutenberg_show_text_before_share":"","sfsi_plus_gutenberg_icon_type":"","sfsi_plus_gutenberg_icon_alignemt":"","sfsi_plus_gutenburg_max_per_row":"","footnotes":""},"categories":[12],"tags":[],"class_list":["post-95294","post","type-post","status-publish","format-standard","has-post-thumbnail","hentry","category-policia"],"_links":{"self":[{"href":"https:\/\/www.caririemacao.com\/1\/wp-json\/wp\/v2\/posts\/95294","targetHints":{"allow":["GET"]}}],"collection":[{"href":"https:\/\/www.caririemacao.com\/1\/wp-json\/wp\/v2\/posts"}],"about":[{"href":"https:\/\/www.caririemacao.com\/1\/wp-json\/wp\/v2\/types\/post"}],"author":[{"embeddable":true,"href":"https:\/\/www.caririemacao.com\/1\/wp-json\/wp\/v2\/users\/1"}],"replies":[{"embeddable":true,"href":"https:\/\/www.caririemacao.com\/1\/wp-json\/wp\/v2\/comments?post=95294"}],"version-history":[{"count":1,"href":"https:\/\/www.caririemacao.com\/1\/wp-json\/wp\/v2\/posts\/95294\/revisions"}],"predecessor-version":[{"id":95295,"href":"https:\/\/www.caririemacao.com\/1\/wp-json\/wp\/v2\/posts\/95294\/revisions\/95295"}],"wp:featuredmedia":[{"embeddable":true,"href":"https:\/\/www.caririemacao.com\/1\/wp-json\/wp\/v2\/media\/86038"}],"wp:attachment":[{"href":"https:\/\/www.caririemacao.com\/1\/wp-json\/wp\/v2\/media?parent=95294"}],"wp:term":[{"taxonomy":"category","embeddable":true,"href":"https:\/\/www.caririemacao.com\/1\/wp-json\/wp\/v2\/categories?post=95294"},{"taxonomy":"post_tag","embeddable":true,"href":"https:\/\/www.caririemacao.com\/1\/wp-json\/wp\/v2\/tags?post=95294"}],"curies":[{"name":"wp","href":"https:\/\/api.w.org\/{rel}","templated":true}]}}