{"id":95296,"date":"2019-05-16T08:42:31","date_gmt":"2019-05-16T11:42:31","guid":{"rendered":"http:\/\/www.caririemacao.com\/1\/?p=95296"},"modified":"2019-05-16T08:42:31","modified_gmt":"2019-05-16T11:42:31","slug":"cooperar-vai-beneficiar-mais-de-44-mil-familias-da-zona-rural-da-pb","status":"publish","type":"post","link":"https:\/\/www.caririemacao.com\/1\/2019\/05\/16\/cooperar-vai-beneficiar-mais-de-44-mil-familias-da-zona-rural-da-pb\/","title":{"rendered":"Cooperar vai beneficiar mais de 44 mil fam\u00edlias da zona rural da PB"},"content":{"rendered":"\n<p>O Programa Para\u00edba Rural Sustent\u00e1vel, executado pelo Projeto Cooperar, vinculado \u00e0 Secretaria de Agricultura Familiar e do Desenvolvimento do Semi\u00e1rido (Seafds), ir\u00e1 beneficiar em quatro anos e meio (2019 a 2023) 44,6 mil fam\u00edlias de agricultores da zona rural do Estado, o que corresponde a aproximadamente 165 mil pessoas assistidas. O objetivo \u00e9 melhorar o acesso \u00e0 \u00e1gua, reduzir a vulnerabilidade agroclim\u00e1tica e aumentar o acesso a mercados da popula\u00e7\u00e3o rural pobre da regi\u00e3o. O contrato de empr\u00e9stimo com o Banco Mundial, no valor de US$ 50 milh\u00f5es para execu\u00e7\u00e3o do projeto, foi assinado pelo governador Jo\u00e3o Azev\u00eado no m\u00eas de mar\u00e7o, em Bras\u00edlia.<\/p>\n\n\n\n<p>Semana passada, entre os dias 6 e 10, representantes do Banco Mundial mantiveram reuni\u00e3o com os t\u00e9cnicos do Cooperar no sentido de estimular a equipe do Projeto Para\u00edba Rural Sustent\u00e1vel para conhecerem os mecanismos necess\u00e1rios para o in\u00edcio da execu\u00e7\u00e3o das atividades, al\u00e9m de conduzir discuss\u00f5es t\u00e9cnicas e operacionais voltadas para os avan\u00e7os na efetiva\u00e7\u00e3o do projeto e elaborar plano de a\u00e7\u00e3o e cronograma para os pr\u00f3ximos seis meses. A \u00e1gua e as alian\u00e7as produtivas ser\u00e3o o grande foco do novo projeto.<\/p>\n\n\n\n<p>O governador Jo\u00e3o Azev\u00eado relatou, recentemente, os esfor\u00e7os do Governo para assegurar \u00e1gua em quantidade e qualidade para todos os paraibanos e destacou os investimentos nas constru\u00e7\u00f5es do Canal Acau\u00e3-Ara\u00e7agi e da TransPara\u00edba que vai atender popula\u00e7\u00f5es de 19 munic\u00edpios do Estado. Ele afirmou, tamb\u00e9m, que o GE trabalha para iniciar, ainda este ano, as a\u00e7\u00f5es do programa Para\u00edba Rural Sustent\u00e1vel, lan\u00e7adas no dia 19 de mar\u00e7o.<\/p>\n\n\n\n<p>\u201cN\u00f3s temos agora \u2013 explicou o governador \u2013 um prazo um pouco menor, porque inicialmente era de seis anos e agora passou para quatro anos e meio, e isso faz com que o esfor\u00e7o da equipe seja dobrado no sentido de fazer com que esse projeto se concretize o mais r\u00e1pido poss\u00edvel. A partir de agora, ser\u00e3o feitas visitas em campo para conhecer as \u00e1reas de implementa\u00e7\u00e3o do programa\u201d.<\/p>\n\n\n\n<p>O secret\u00e1rio executivo do projeto Cooperar, Omar Gama, estima para junho a libera\u00e7\u00e3o de uma pequena parte dos recursos destinados \u00e0 divulga\u00e7\u00e3o do projeto e capacita\u00e7\u00e3o das associa\u00e7\u00f5es que ser\u00e3o beneficiadas. \u201cN\u00f3s vamos fazer v\u00e1rias oficinas nos munic\u00edpios e convocar os Conselhos Municipais para saber a situa\u00e7\u00e3o documental das entidades e, esta semana, n\u00f3s estamos definindo as metas que ser\u00e3o cumpridas e o prazo de cada uma delas\u201d, comentou.<\/p>\n\n\n\n<p>Ele disse, ainda, que est\u00e1 buscando parcerias com diversos \u00f3rg\u00e3os que j\u00e1 tenham determinadas tecnologias prontas, a exemplo da Embrapa, Cinep, Empaer, Sudema, Semar, Senar, BNB, Aesa e outras institui\u00e7\u00f5es que possam oferecer conhecimentos e fornecerem tecnologias \u201co mais r\u00e1pido poss\u00edvel para que venha melhorar exatamente a capacidade de o agricultor permanecer no campo em condi\u00e7\u00f5es dignas para sobreviver\u201d, enfatizou.<\/p>\n\n\n\n<p>A \u00e1rea de abrang\u00eancia ser\u00e3o os 222 munic\u00edpios do Estado, priorizados de acordo com os indicadores de meteorologia, produ\u00e7\u00e3o e aspectos sociais. A popula\u00e7\u00e3o ind\u00edgena e quilombola ter\u00e1 prioridade nas demandas encaminhadas ao Cooperar.<\/p>\n","protected":false},"excerpt":{"rendered":"<p>O Programa Para\u00edba Rural Sustent\u00e1vel, executado pelo Projeto Cooperar, vinculado \u00e0 Secretaria de Agricultura Familiar e do Desenvolvimento do Semi\u00e1rido (Seafds), ir\u00e1 beneficiar em quatro&hellip; <\/p>\n","protected":false},"author":1,"featured_media":95297,"comment_status":"closed","ping_status":"closed","sticky":false,"template":"","format":"standard","meta":{"sfsi_plus_gutenberg_text_before_share":"","sfsi_plus_gutenberg_show_text_before_share":"","sfsi_plus_gutenberg_icon_type":"","sfsi_plus_gutenberg_icon_alignemt":"","sfsi_plus_gutenburg_max_per_row":"","footnotes":""},"categories":[6],"tags":[],"class_list":["post-95296","post","type-post","status-publish","format-standard","has-post-thumbnail","hentry","category-cidades"],"_links":{"self":[{"href":"https:\/\/www.caririemacao.com\/1\/wp-json\/wp\/v2\/posts\/95296","targetHints":{"allow":["GET"]}}],"collection":[{"href":"https:\/\/www.caririemacao.com\/1\/wp-json\/wp\/v2\/posts"}],"about":[{"href":"https:\/\/www.caririemacao.com\/1\/wp-json\/wp\/v2\/types\/post"}],"author":[{"embeddable":true,"href":"https:\/\/www.caririemacao.com\/1\/wp-json\/wp\/v2\/users\/1"}],"replies":[{"embeddable":true,"href":"https:\/\/www.caririemacao.com\/1\/wp-json\/wp\/v2\/comments?post=95296"}],"version-history":[{"count":1,"href":"https:\/\/www.caririemacao.com\/1\/wp-json\/wp\/v2\/posts\/95296\/revisions"}],"predecessor-version":[{"id":95298,"href":"https:\/\/www.caririemacao.com\/1\/wp-json\/wp\/v2\/posts\/95296\/revisions\/95298"}],"wp:featuredmedia":[{"embeddable":true,"href":"https:\/\/www.caririemacao.com\/1\/wp-json\/wp\/v2\/media\/95297"}],"wp:attachment":[{"href":"https:\/\/www.caririemacao.com\/1\/wp-json\/wp\/v2\/media?parent=95296"}],"wp:term":[{"taxonomy":"category","embeddable":true,"href":"https:\/\/www.caririemacao.com\/1\/wp-json\/wp\/v2\/categories?post=95296"},{"taxonomy":"post_tag","embeddable":true,"href":"https:\/\/www.caririemacao.com\/1\/wp-json\/wp\/v2\/tags?post=95296"}],"curies":[{"name":"wp","href":"https:\/\/api.w.org\/{rel}","templated":true}]}}