{"id":95301,"date":"2019-05-16T08:53:59","date_gmt":"2019-05-16T11:53:59","guid":{"rendered":"http:\/\/www.caririemacao.com\/1\/?p=95301"},"modified":"2019-05-16T08:53:59","modified_gmt":"2019-05-16T11:53:59","slug":"homem-morre-e-outro-e-preso-apos-acidente-em-perseguicao-da-pm-em-joao-pessoa","status":"publish","type":"post","link":"https:\/\/www.caririemacao.com\/1\/2019\/05\/16\/homem-morre-e-outro-e-preso-apos-acidente-em-perseguicao-da-pm-em-joao-pessoa\/","title":{"rendered":"Homem morre e outro \u00e9 preso ap\u00f3s acidente em persegui\u00e7\u00e3o da PM em Jo\u00e3o Pessoa"},"content":{"rendered":"\n<p>Um homem morreu e outro foi preso ap\u00f3s ca\u00edrem de uma motocicleta ao tentarem fugir da abordagem de uma equipe de Pol\u00edcia Militar no bairro do Geisel, em Jo\u00e3o Pessoa, na tarde desta quarta-feira (15). Segundo informa\u00e7\u00f5es da Pol\u00edcia Militar, uma das equipes fazia buscas na \u00e1rea e encontrou a dupla em uma motocicleta, que ao encontrar os policiais, sa\u00edram em alta velocidade.<\/p>\n\n\n\n<p>Ainda de acordo com a Pol\u00edcia Militar, a dupla estava em uma motocicleta azul de mesma marca tinha sido notificada como ve\u00edculo usado para assaltos nos bairros de Geisel, Funcion\u00e1rios e Valentina Figueiredo, bairros na zona sul de Jo\u00e3o Pessoa. De acordo com o cabo Ja\u00edlson, da Pol\u00edcia Militar, a dupla chegou a colidir com a motocicleta no carro da PM antes da queda.<\/p>\n\n\n\n<p>De acordo com a PM, durante a fuga houve uma persegui\u00e7\u00e3o e os dois ocupantes da moto ca\u00edram. O passageiro n\u00e3o resistiu aos ferimentos e morreu no local do acidente, no Geisel. O condutor da moto foi preso em flagrante portando uma pistola.<\/p>\n\n\n\n<p>O suspeito preso foi encaminhado para o Hospital de Ortotrauma de Mangabeira, para posteriormente para a Central de Flagrantes, na Central de Pol\u00edcia, no bairro do Geisel, em Jo\u00e3o Pessoa. A per\u00edcia foi acionada para realizar coleta de vest\u00edgios e provas sobre a morte do outro ocupante da moto. O causa da morte ainda est\u00e1 sob investiga\u00e7\u00e3o.<\/p>\n\n\n\n<figure class=\"wp-block-image\"><img decoding=\"async\" data-src=\"https:\/\/s2.glbimg.com\/XaBc0028Qab_QzmOJhk2VIVZdYE=\/0x0:1280x720\/984x0\/smart\/filters:strip_icc()\/i.s3.glbimg.com\/v1\/AUTH_59edd422c0c84a879bd37670ae4f538a\/internal_photos\/bs\/2019\/e\/w\/PpmyJlQuOfYcUbZHQusA\/whatsapp-image-2019-05-15-at-17.26.25.jpeg\" alt=\"Pol\u00edcia Militar fez isolamento da \u00e1rea ap\u00f3s acidente com dupla suspeita no Geisel, em Jo\u00e3o Pessoa \u2014 Foto: Walter Paparazzo\/G1\" src=\"data:image\/svg+xml;base64,PHN2ZyB3aWR0aD0iMSIgaGVpZ2h0PSIxIiB4bWxucz0iaHR0cDovL3d3dy53My5vcmcvMjAwMC9zdmciPjwvc3ZnPg==\" class=\"lazyload\" \/><figcaption><br><br>G1<\/figcaption><\/figure>\n","protected":false},"excerpt":{"rendered":"<p>Um homem morreu e outro foi preso ap\u00f3s ca\u00edrem de uma motocicleta ao tentarem fugir da abordagem de uma equipe de Pol\u00edcia Militar no bairro&hellip; <\/p>\n","protected":false},"author":1,"featured_media":95303,"comment_status":"closed","ping_status":"closed","sticky":false,"template":"","format":"standard","meta":{"sfsi_plus_gutenberg_text_before_share":"","sfsi_plus_gutenberg_show_text_before_share":"","sfsi_plus_gutenberg_icon_type":"","sfsi_plus_gutenberg_icon_alignemt":"","sfsi_plus_gutenburg_max_per_row":"","footnotes":""},"categories":[12],"tags":[],"class_list":["post-95301","post","type-post","status-publish","format-standard","has-post-thumbnail","hentry","category-policia"],"_links":{"self":[{"href":"https:\/\/www.caririemacao.com\/1\/wp-json\/wp\/v2\/posts\/95301","targetHints":{"allow":["GET"]}}],"collection":[{"href":"https:\/\/www.caririemacao.com\/1\/wp-json\/wp\/v2\/posts"}],"about":[{"href":"https:\/\/www.caririemacao.com\/1\/wp-json\/wp\/v2\/types\/post"}],"author":[{"embeddable":true,"href":"https:\/\/www.caririemacao.com\/1\/wp-json\/wp\/v2\/users\/1"}],"replies":[{"embeddable":true,"href":"https:\/\/www.caririemacao.com\/1\/wp-json\/wp\/v2\/comments?post=95301"}],"version-history":[{"count":1,"href":"https:\/\/www.caririemacao.com\/1\/wp-json\/wp\/v2\/posts\/95301\/revisions"}],"predecessor-version":[{"id":95304,"href":"https:\/\/www.caririemacao.com\/1\/wp-json\/wp\/v2\/posts\/95301\/revisions\/95304"}],"wp:featuredmedia":[{"embeddable":true,"href":"https:\/\/www.caririemacao.com\/1\/wp-json\/wp\/v2\/media\/95303"}],"wp:attachment":[{"href":"https:\/\/www.caririemacao.com\/1\/wp-json\/wp\/v2\/media?parent=95301"}],"wp:term":[{"taxonomy":"category","embeddable":true,"href":"https:\/\/www.caririemacao.com\/1\/wp-json\/wp\/v2\/categories?post=95301"},{"taxonomy":"post_tag","embeddable":true,"href":"https:\/\/www.caririemacao.com\/1\/wp-json\/wp\/v2\/tags?post=95301"}],"curies":[{"name":"wp","href":"https:\/\/api.w.org\/{rel}","templated":true}]}}