{"id":95308,"date":"2019-05-16T09:04:24","date_gmt":"2019-05-16T12:04:24","guid":{"rendered":"http:\/\/www.caririemacao.com\/1\/?p=95308"},"modified":"2019-05-16T09:04:24","modified_gmt":"2019-05-16T12:04:24","slug":"encerra-se-hoje-prazo-para-renovacao-de-contratos-do-fies","status":"publish","type":"post","link":"https:\/\/www.caririemacao.com\/1\/2019\/05\/16\/encerra-se-hoje-prazo-para-renovacao-de-contratos-do-fies\/","title":{"rendered":"Encerra-se hoje prazo para renova\u00e7\u00e3o de contratos do Fies"},"content":{"rendered":"\n<p>Hoje (15) \u00e9 o \u00faltimo dia para renovar os contratos do Fundo de Financiamento Estudantil (Fies) do primeiro semestre de 2019. Para a renova\u00e7\u00e3o, os estudantes precisam validar as informa\u00e7\u00f5es prestadas pelas institui\u00e7\u00f5es de ensino no Sistema Informatizado do&nbsp;<a href=\"http:\/\/sisfiesportal.mec.gov.br\/\" target=\"_blank\" rel=\"noreferrer noopener\">Fundo de Financiamento Estudantil<\/a>&nbsp;(SisFies).<\/p>\n\n\n\n<p>Os contratos do Fies precisam ser renovados a cada semestre. O pedido de aditamento \u00e9 feito inicialmente pelas institui\u00e7\u00f5es de ensino para depois ter as informa\u00e7\u00f5es validadas pelos estudantes, no sistema.<\/p>\n\n\n\n<p>Tamb\u00e9m encerra hoje o prazo para os estudantes estenderem o prazo de utiliza\u00e7\u00e3o do financiamento e pedirem a transfer\u00eancia integral de curso ou de institui\u00e7\u00e3o.<\/p>\n\n\n\n<p>Caso a renova\u00e7\u00e3o tenha alguma altera\u00e7\u00e3o nas cl\u00e1usulas do contrato, o estudante precisa levar a nova documenta\u00e7\u00e3o ao agente financeiro (Banco do Brasil ou Caixa Econ\u00f4mica), para finalizar o processo.<\/p>\n\n\n\n<p>Nos aditamentos simplificados, a renova\u00e7\u00e3o \u00e9 formalizada a partir da valida\u00e7\u00e3o do estudante no sistema.<\/p>\n\n\n\n<p>A estimativa do Fundo Nacional do Desenvolvimento da Educa\u00e7\u00e3o \u00e9 de que neste semestre, cerca de 600 mil contratos sejam renovados.<\/p>\n\n\n\n<p>O Fies concede financiamento a estudantes em cursos superiores n\u00e3o gratuitos, com avalia\u00e7\u00e3o positiva nos processos conduzidos pelo Minist\u00e9rio da Educa\u00e7\u00e3o.<\/p>\n","protected":false},"excerpt":{"rendered":"<p>Hoje (15) \u00e9 o \u00faltimo dia para renovar os contratos do Fundo de Financiamento Estudantil (Fies) do primeiro semestre de 2019. Para a renova\u00e7\u00e3o, os&hellip; <\/p>\n","protected":false},"author":1,"featured_media":10242,"comment_status":"closed","ping_status":"closed","sticky":false,"template":"","format":"standard","meta":{"sfsi_plus_gutenberg_text_before_share":"","sfsi_plus_gutenberg_show_text_before_share":"","sfsi_plus_gutenberg_icon_type":"","sfsi_plus_gutenberg_icon_alignemt":"","sfsi_plus_gutenburg_max_per_row":"","footnotes":""},"categories":[14],"tags":[],"class_list":["post-95308","post","type-post","status-publish","format-standard","has-post-thumbnail","hentry","category-educacao"],"_links":{"self":[{"href":"https:\/\/www.caririemacao.com\/1\/wp-json\/wp\/v2\/posts\/95308","targetHints":{"allow":["GET"]}}],"collection":[{"href":"https:\/\/www.caririemacao.com\/1\/wp-json\/wp\/v2\/posts"}],"about":[{"href":"https:\/\/www.caririemacao.com\/1\/wp-json\/wp\/v2\/types\/post"}],"author":[{"embeddable":true,"href":"https:\/\/www.caririemacao.com\/1\/wp-json\/wp\/v2\/users\/1"}],"replies":[{"embeddable":true,"href":"https:\/\/www.caririemacao.com\/1\/wp-json\/wp\/v2\/comments?post=95308"}],"version-history":[{"count":1,"href":"https:\/\/www.caririemacao.com\/1\/wp-json\/wp\/v2\/posts\/95308\/revisions"}],"predecessor-version":[{"id":95309,"href":"https:\/\/www.caririemacao.com\/1\/wp-json\/wp\/v2\/posts\/95308\/revisions\/95309"}],"wp:featuredmedia":[{"embeddable":true,"href":"https:\/\/www.caririemacao.com\/1\/wp-json\/wp\/v2\/media\/10242"}],"wp:attachment":[{"href":"https:\/\/www.caririemacao.com\/1\/wp-json\/wp\/v2\/media?parent=95308"}],"wp:term":[{"taxonomy":"category","embeddable":true,"href":"https:\/\/www.caririemacao.com\/1\/wp-json\/wp\/v2\/categories?post=95308"},{"taxonomy":"post_tag","embeddable":true,"href":"https:\/\/www.caririemacao.com\/1\/wp-json\/wp\/v2\/tags?post=95308"}],"curies":[{"name":"wp","href":"https:\/\/api.w.org\/{rel}","templated":true}]}}