{"id":95314,"date":"2019-05-16T09:11:35","date_gmt":"2019-05-16T12:11:35","guid":{"rendered":"http:\/\/www.caririemacao.com\/1\/?p=95314"},"modified":"2019-05-16T09:11:35","modified_gmt":"2019-05-16T12:11:35","slug":"mec-quer-aperfeicoar-processo-de-revalidacao-do-diploma-de-medicina","status":"publish","type":"post","link":"https:\/\/www.caririemacao.com\/1\/2019\/05\/16\/mec-quer-aperfeicoar-processo-de-revalidacao-do-diploma-de-medicina\/","title":{"rendered":"MEC quer aperfei\u00e7oar processo de revalida\u00e7\u00e3o do diploma de medicina"},"content":{"rendered":"\n<p>Grupo de trabalho com a finalidade de estudar e propor medidas para o aperfei\u00e7oamento do processo de revalida\u00e7\u00e3o dos diplomas de gradua\u00e7\u00e3o de medicina foi institu\u00eddo pelo Minist\u00e9rio da Educa\u00e7\u00e3o (MEC), de acordo com portaria publicada na edi\u00e7\u00e3o desta quinta-feira (16) do&nbsp;<a href=\"http:\/\/www.in.gov.br\/web\/dou\/-\/portaria-n%C2%BA-17-de-15-de-maio-de-2019-101781115\" target=\"_blank\" rel=\"noreferrer noopener\"><em>Di\u00e1rio Oficial da Uni\u00e3o<\/em><\/a>.<\/p>\n\n\n\n<p>O grupo ser\u00e1 formado representantes da Secretaria de Educa\u00e7\u00e3o Superior do MEC, do Instituto Nacional de Educa\u00e7\u00e3o e Pesquisa Educacionais An\u00edsio Teixeira (Inep) e Conselho Federal de Medicina (CFM).<\/p>\n\n\n\n<p>Os integrantes do grupo de trabalho ter\u00e3o um prazo de 60 dias, a contar&nbsp; partir da publica\u00e7\u00e3o da portaria, para a conclus\u00e3o de suas atividades e apresentar ao ministro da Educa\u00e7\u00e3o uma proposta para aperfei\u00e7oar o atual processo de revalida\u00e7\u00e3o do diploma de medicina.<\/p>\n\n\n\n<p>O grupo poder\u00e1 convidar para participarem de suas atividades representantes de \u00f3rg\u00e3os e entidades p\u00fablicas e privadas, al\u00e9m de pesquisadores e especialistas, que possam contribuir para o trabalho.<\/p>\n","protected":false},"excerpt":{"rendered":"<p>Grupo de trabalho com a finalidade de estudar e propor medidas para o aperfei\u00e7oamento do processo de revalida\u00e7\u00e3o dos diplomas de gradua\u00e7\u00e3o de medicina foi&hellip; <\/p>\n","protected":false},"author":1,"featured_media":95315,"comment_status":"closed","ping_status":"closed","sticky":false,"template":"","format":"standard","meta":{"sfsi_plus_gutenberg_text_before_share":"","sfsi_plus_gutenberg_show_text_before_share":"","sfsi_plus_gutenberg_icon_type":"","sfsi_plus_gutenberg_icon_alignemt":"","sfsi_plus_gutenburg_max_per_row":"","footnotes":""},"categories":[14],"tags":[],"class_list":["post-95314","post","type-post","status-publish","format-standard","has-post-thumbnail","hentry","category-educacao"],"_links":{"self":[{"href":"https:\/\/www.caririemacao.com\/1\/wp-json\/wp\/v2\/posts\/95314","targetHints":{"allow":["GET"]}}],"collection":[{"href":"https:\/\/www.caririemacao.com\/1\/wp-json\/wp\/v2\/posts"}],"about":[{"href":"https:\/\/www.caririemacao.com\/1\/wp-json\/wp\/v2\/types\/post"}],"author":[{"embeddable":true,"href":"https:\/\/www.caririemacao.com\/1\/wp-json\/wp\/v2\/users\/1"}],"replies":[{"embeddable":true,"href":"https:\/\/www.caririemacao.com\/1\/wp-json\/wp\/v2\/comments?post=95314"}],"version-history":[{"count":1,"href":"https:\/\/www.caririemacao.com\/1\/wp-json\/wp\/v2\/posts\/95314\/revisions"}],"predecessor-version":[{"id":95316,"href":"https:\/\/www.caririemacao.com\/1\/wp-json\/wp\/v2\/posts\/95314\/revisions\/95316"}],"wp:featuredmedia":[{"embeddable":true,"href":"https:\/\/www.caririemacao.com\/1\/wp-json\/wp\/v2\/media\/95315"}],"wp:attachment":[{"href":"https:\/\/www.caririemacao.com\/1\/wp-json\/wp\/v2\/media?parent=95314"}],"wp:term":[{"taxonomy":"category","embeddable":true,"href":"https:\/\/www.caririemacao.com\/1\/wp-json\/wp\/v2\/categories?post=95314"},{"taxonomy":"post_tag","embeddable":true,"href":"https:\/\/www.caririemacao.com\/1\/wp-json\/wp\/v2\/tags?post=95314"}],"curies":[{"name":"wp","href":"https:\/\/api.w.org\/{rel}","templated":true}]}}