{"id":95319,"date":"2019-05-16T09:33:07","date_gmt":"2019-05-16T12:33:07","guid":{"rendered":"http:\/\/www.caririemacao.com\/1\/?p=95319"},"modified":"2019-05-16T09:33:07","modified_gmt":"2019-05-16T12:33:07","slug":"inscricoes-para-o-enem-2019-vao-ate-esta-sexta-mais-de-4-milhoes-ja-se-inscreveram","status":"publish","type":"post","link":"https:\/\/www.caririemacao.com\/1\/2019\/05\/16\/inscricoes-para-o-enem-2019-vao-ate-esta-sexta-mais-de-4-milhoes-ja-se-inscreveram\/","title":{"rendered":"Inscri\u00e7\u00f5es para o Enem 2019 v\u00e3o at\u00e9 esta sexta; mais de 4 milh\u00f5es j\u00e1 se inscreveram"},"content":{"rendered":"\n<p>Terminam, nesta sexta-feira (17) as inscri\u00e7\u00f5es para o Exame Nacional do Ensino M\u00e9dio (Enem). Os candidatos devem se inscrever na internet, em enem.inep.gov.br, at\u00e9 as 23h59.<\/p>\n\n\n\n<p>At\u00e9 a \u00faltima segunda-feira (13), 4 milh\u00f5es de pessoas j\u00e1 estavam inscritas. No novo sistema do portal, o candidato pode inserir o nome do pai e uma foto pessoal, caso queira.<\/p>\n\n\n\n<p>Apesar de as inscri\u00e7\u00f5es serem at\u00e9 a sexta, o pagamento do boleto daqueles que n\u00e3o est\u00e3o isentos de pagamento da taxa, deve ser feito at\u00e9 o dia 23 de maio. A taxa de \u00e9 de R$ 85 e todos os candidatos devem se inscrever, at\u00e9 mesmo aqueles que conseguiram a isen\u00e7\u00e3o.<\/p>\n\n\n\n<p>As provas ser\u00e3o aplicadas em dois domingos consecutivos \u2013 3 e 10 de novembro. Todas as etapas do exame est\u00e3o no site e tamb\u00e9m no aplicativo do Enem, dispon\u00edvel para smartphones e tablets IOS e Android.<\/p>\n\n\n\n<p>Quem necessita de atendimento especial no dia das provas deve mencionar a informa\u00e7\u00e3o durante a inscri\u00e7\u00e3o. Surdos, deficientes auditivos e surdocegos devem informar, por exemplo, se usam aparelho auditivo ou implante no ouvido.<\/p>\n\n\n\n<p>De 20 a 24 de maio, os participantes que desejam utilizar o nome social tamb\u00e9m devem acrescentar a informa\u00e7\u00e3o no sistema.<\/p>\n\n\n\n<p>Segundo o Minist\u00e9rio da Educa\u00e7\u00e3o, o Enem j\u00e1 recebeu quase 100 milh\u00f5es de inscri\u00e7\u00f5es, nas 21 edi\u00e7\u00f5es anteriores. As duas provas, somadas, possuem 180 quest\u00f5es e uma reda\u00e7\u00e3o.<\/p>\n","protected":false},"excerpt":{"rendered":"<p>Terminam, nesta sexta-feira (17) as inscri\u00e7\u00f5es para o Exame Nacional do Ensino M\u00e9dio (Enem). Os candidatos devem se inscrever na internet, em enem.inep.gov.br, at\u00e9 as&hellip; <\/p>\n","protected":false},"author":1,"featured_media":89198,"comment_status":"closed","ping_status":"closed","sticky":false,"template":"","format":"standard","meta":{"sfsi_plus_gutenberg_text_before_share":"","sfsi_plus_gutenberg_show_text_before_share":"","sfsi_plus_gutenberg_icon_type":"","sfsi_plus_gutenberg_icon_alignemt":"","sfsi_plus_gutenburg_max_per_row":"","footnotes":""},"categories":[50,14],"tags":[],"class_list":["post-95319","post","type-post","status-publish","format-standard","has-post-thumbnail","hentry","category-destaque","category-educacao"],"_links":{"self":[{"href":"https:\/\/www.caririemacao.com\/1\/wp-json\/wp\/v2\/posts\/95319","targetHints":{"allow":["GET"]}}],"collection":[{"href":"https:\/\/www.caririemacao.com\/1\/wp-json\/wp\/v2\/posts"}],"about":[{"href":"https:\/\/www.caririemacao.com\/1\/wp-json\/wp\/v2\/types\/post"}],"author":[{"embeddable":true,"href":"https:\/\/www.caririemacao.com\/1\/wp-json\/wp\/v2\/users\/1"}],"replies":[{"embeddable":true,"href":"https:\/\/www.caririemacao.com\/1\/wp-json\/wp\/v2\/comments?post=95319"}],"version-history":[{"count":1,"href":"https:\/\/www.caririemacao.com\/1\/wp-json\/wp\/v2\/posts\/95319\/revisions"}],"predecessor-version":[{"id":95320,"href":"https:\/\/www.caririemacao.com\/1\/wp-json\/wp\/v2\/posts\/95319\/revisions\/95320"}],"wp:featuredmedia":[{"embeddable":true,"href":"https:\/\/www.caririemacao.com\/1\/wp-json\/wp\/v2\/media\/89198"}],"wp:attachment":[{"href":"https:\/\/www.caririemacao.com\/1\/wp-json\/wp\/v2\/media?parent=95319"}],"wp:term":[{"taxonomy":"category","embeddable":true,"href":"https:\/\/www.caririemacao.com\/1\/wp-json\/wp\/v2\/categories?post=95319"},{"taxonomy":"post_tag","embeddable":true,"href":"https:\/\/www.caririemacao.com\/1\/wp-json\/wp\/v2\/tags?post=95319"}],"curies":[{"name":"wp","href":"https:\/\/api.w.org\/{rel}","templated":true}]}}