{"id":95321,"date":"2019-05-16T09:41:56","date_gmt":"2019-05-16T12:41:56","guid":{"rendered":"http:\/\/www.caririemacao.com\/1\/?p=95321"},"modified":"2019-05-16T09:41:56","modified_gmt":"2019-05-16T12:41:56","slug":"weintraub-diz-que-mec-esta-aberto-ao-dialogo-com-reitores","status":"publish","type":"post","link":"https:\/\/www.caririemacao.com\/1\/2019\/05\/16\/weintraub-diz-que-mec-esta-aberto-ao-dialogo-com-reitores\/","title":{"rendered":"Weintraub diz que MEC est\u00e1 aberto ao di\u00e1logo com reitores"},"content":{"rendered":"\n<p>O ministro da Educa\u00e7\u00e3o, Abraham Weintraub, afirmou hoje (15) no plen\u00e1rio da C\u00e2mara dos Deputados, que est\u00e1 disposto a conversar com todos os parlamentares e reitores das universidades. \u201cO que a gente pede: venham ao MEC, mostrem os n\u00fameros. Se a gente n\u00e3o chegar a um acordo, a gente abre as planilhas, v\u00ea as contas. A gente vem ao Congresso. A transpar\u00eancia \u00e9 o principal objetivo dessa gest\u00e3o\u201d.<\/p>\n\n\n\n<p>O ministro seria ouvido na manh\u00e3 desta quarta-feira, na Comiss\u00e3o de Educa\u00e7\u00e3o da C\u00e2mara. No entanto, por 307 votos a 82,&nbsp;<a href=\"http:\/\/agenciabrasil.ebc.com.br\/politica\/noticia\/2019-05\/camara-convoca-weintraub-para-explicar-cortes-em-universidades\" target=\"_blank\" rel=\"noreferrer noopener\">parlamentares convocaram<\/a>&nbsp;Weintraub a comparecer \u00e0 comiss\u00e3o geral, que&nbsp;<a href=\"http:\/\/agenciabrasil.ebc.com.br\/educacao\/noticia\/2019-05\/ao-vivo-weintraub-fala-sobre-bloqueio-de-recursos-para-universidades\" target=\"_blank\" rel=\"noreferrer noopener\">acontece neste momento<\/a>&nbsp;no plen\u00e1rio da Casa para justificar o contingenciamento no or\u00e7amento das universidades e institutos federais.<\/p>\n\n\n\n<p>Veja&nbsp;<a href=\"http:\/\/agenciabrasil.ebc.com.br\/weintraub-fala-sobre-os-cortes-no-orcamento-das-universidades-publicas\" target=\"_blank\" rel=\"noreferrer noopener\">aqui<\/a>&nbsp;a galeria completa de imagens<\/p>\n\n\n\n<p>Ele abriu as portas do minist\u00e9rio tamb\u00e9m para a oposi\u00e7\u00e3o e pediu uma \u201cabordagem racional\u201d. \u201cA gente s\u00f3 pede uma abordagem racional, baseada em n\u00fameros. Pode ser parlamentar da oposi\u00e7\u00e3o, j\u00e1 recebi v\u00e1rios. Vem com o reitor e a gente vai analisar. Os reitores que t\u00eam vindo t\u00eam sa\u00eddo muito satisfeitos do MEC\u201d, disse na sess\u00e3o de hoje, que teve momentos de discuss\u00f5es entre parlamentares da base do governo e da oposi\u00e7\u00e3o.<\/p>\n\n\n\n<p>\u201cJ\u00e1 recebemos 50 reitores para conversar. O dinheiro \u00e9 do povo, tem que ser explicado sim. Se a universidade est\u00e1 com dificuldade, eu me disponho a vir aqui\u201d, disse. Ele reafirmou que o governo est\u00e1 apenas \u201capertando um pouco o cinto\u201d para cumprir a lei do teto dos gastos p\u00fablicos,&nbsp;<a href=\"http:\/\/agenciabrasil.ebc.com.br\/politica\/noticia\/2016-12\/saiba-o-que-muda-com-aprovacao-final-da-pec-do-teto-dos-gastos-publicos\" target=\"_blank\" rel=\"noreferrer noopener\">aprovada pelo Congresso<\/a>&nbsp;em 2016, durante o governo Michel Temer. \u201cN\u00e3o d\u00e1 para cumprir a lei feita por esta casa se a gente n\u00e3o contingenciar\u201d.<\/p>\n","protected":false},"excerpt":{"rendered":"<p>O ministro da Educa\u00e7\u00e3o, Abraham Weintraub, afirmou hoje (15) no plen\u00e1rio da C\u00e2mara dos Deputados, que est\u00e1 disposto a conversar com todos os parlamentares e&hellip; <\/p>\n","protected":false},"author":1,"featured_media":95322,"comment_status":"closed","ping_status":"closed","sticky":false,"template":"","format":"standard","meta":{"sfsi_plus_gutenberg_text_before_share":"","sfsi_plus_gutenberg_show_text_before_share":"","sfsi_plus_gutenberg_icon_type":"","sfsi_plus_gutenberg_icon_alignemt":"","sfsi_plus_gutenburg_max_per_row":"","footnotes":""},"categories":[14],"tags":[],"class_list":["post-95321","post","type-post","status-publish","format-standard","has-post-thumbnail","hentry","category-educacao"],"_links":{"self":[{"href":"https:\/\/www.caririemacao.com\/1\/wp-json\/wp\/v2\/posts\/95321","targetHints":{"allow":["GET"]}}],"collection":[{"href":"https:\/\/www.caririemacao.com\/1\/wp-json\/wp\/v2\/posts"}],"about":[{"href":"https:\/\/www.caririemacao.com\/1\/wp-json\/wp\/v2\/types\/post"}],"author":[{"embeddable":true,"href":"https:\/\/www.caririemacao.com\/1\/wp-json\/wp\/v2\/users\/1"}],"replies":[{"embeddable":true,"href":"https:\/\/www.caririemacao.com\/1\/wp-json\/wp\/v2\/comments?post=95321"}],"version-history":[{"count":1,"href":"https:\/\/www.caririemacao.com\/1\/wp-json\/wp\/v2\/posts\/95321\/revisions"}],"predecessor-version":[{"id":95323,"href":"https:\/\/www.caririemacao.com\/1\/wp-json\/wp\/v2\/posts\/95321\/revisions\/95323"}],"wp:featuredmedia":[{"embeddable":true,"href":"https:\/\/www.caririemacao.com\/1\/wp-json\/wp\/v2\/media\/95322"}],"wp:attachment":[{"href":"https:\/\/www.caririemacao.com\/1\/wp-json\/wp\/v2\/media?parent=95321"}],"wp:term":[{"taxonomy":"category","embeddable":true,"href":"https:\/\/www.caririemacao.com\/1\/wp-json\/wp\/v2\/categories?post=95321"},{"taxonomy":"post_tag","embeddable":true,"href":"https:\/\/www.caririemacao.com\/1\/wp-json\/wp\/v2\/tags?post=95321"}],"curies":[{"name":"wp","href":"https:\/\/api.w.org\/{rel}","templated":true}]}}