{"id":95324,"date":"2019-05-16T11:31:08","date_gmt":"2019-05-16T14:31:08","guid":{"rendered":"http:\/\/www.caririemacao.com\/1\/?p=95324"},"modified":"2019-05-16T11:31:08","modified_gmt":"2019-05-16T14:31:08","slug":"coordenadores-do-programa-agua-doce-em-amparo-participam-do-iv-encontro-estadual-do-programa","status":"publish","type":"post","link":"https:\/\/www.caririemacao.com\/1\/2019\/05\/16\/coordenadores-do-programa-agua-doce-em-amparo-participam-do-iv-encontro-estadual-do-programa\/","title":{"rendered":"Coordenadores do Programa \u00c1gua Doce em Amparo participam do IV Encontro Estadual do Programa"},"content":{"rendered":"\n<p>\n\nOs Coordenadores Municipais do Programa \u00c1gua Doce em Amparo participam do IV Encontro Estadual do Programa e Comit\u00ea Gestor nos dias 15 e 16 de Maio na cidade de Campina Grande. Na oportunidade a Secretaria de Educa\u00e7\u00e3o de Amparo esteve representada pelo gestor do col\u00e9gio Ildefonso A. da Silva Eraldo Eronides. Al\u00e9m da presen\u00e7a do Representante da Secretaria, estiveram presentes os Coordenadores da Unidade do Assentamento Mata Z\u00e9 Morais e Pedro Neto, o Coordenador da Sede Urbana Everaldo Maciel e o Operador da Sede Urbana Arn\u00f3bio Xavier, o qual esteve auxiliando no treinamento dos novos operadores do programa na Para\u00edba.<\/p>\n\n\n\n<figure class=\"wp-block-image\"><a href=\"https:\/\/4.bp.blogspot.com\/-1YUJbgi9rcU\/XN1ivPz1-PI\/AAAAAAABAfM\/CxsLeoLCsbsLgA2yhRxslx8c1KXHS0GrACLcBGAs\/s1600\/WhatsApp%2BImage%2B2019-05-16%2Bat%2B9.50.09%2BAM.jpeg\"><img decoding=\"async\" data-src=\"https:\/\/4.bp.blogspot.com\/-1YUJbgi9rcU\/XN1ivPz1-PI\/AAAAAAABAfM\/CxsLeoLCsbsLgA2yhRxslx8c1KXHS0GrACLcBGAs\/s640\/WhatsApp%2BImage%2B2019-05-16%2Bat%2B9.50.09%2BAM.jpeg\" alt=\"\" src=\"data:image\/svg+xml;base64,PHN2ZyB3aWR0aD0iMSIgaGVpZ2h0PSIxIiB4bWxucz0iaHR0cDovL3d3dy53My5vcmcvMjAwMC9zdmciPjwvc3ZnPg==\" class=\"lazyload\" \/><\/a><\/figure>\n\n\n\n<p>Vale ressaltar que as Unidades do Programa \u00c1gua Doce, implantadas no munic\u00edpio de Amparo s\u00e3o refer\u00eancia estadual.<br>O evento reuniu representantes dos governos federal, estadual e municipais para discutir o tema &#8220;O Papel dos Estados, Munic\u00edpios e Comunidades na Gest\u00e3o Compartilhada dos Sistemas de Dessaliniza\u00e7\u00e3o &#8211; com foco em Educa\u00e7\u00e3o e Sa\u00fade&#8221;.<\/p>\n\n\n\n<figure class=\"wp-block-image\"><a href=\"https:\/\/4.bp.blogspot.com\/-BHR7660nP3Q\/XN1i1z0S1oI\/AAAAAAABAfQ\/dr5Hp51Tx14aSQNMoJy1xQ1OBMyS9lgLgCLcBGAs\/s1600\/WhatsApp%2BImage%2B2019-05-16%2Bat%2B9.25.36%2BAM.jpeg\"><img decoding=\"async\" data-src=\"https:\/\/4.bp.blogspot.com\/-BHR7660nP3Q\/XN1i1z0S1oI\/AAAAAAABAfQ\/dr5Hp51Tx14aSQNMoJy1xQ1OBMyS9lgLgCLcBGAs\/s640\/WhatsApp%2BImage%2B2019-05-16%2Bat%2B9.25.36%2BAM.jpeg\" alt=\"\" src=\"data:image\/svg+xml;base64,PHN2ZyB3aWR0aD0iMSIgaGVpZ2h0PSIxIiB4bWxucz0iaHR0cDovL3d3dy53My5vcmcvMjAwMC9zdmciPjwvc3ZnPg==\" class=\"lazyload\" \/><\/a><\/figure>\n\n\n\n<p>O Encontro foi uma realiza\u00e7\u00e3o do Governo Federal, por meio do Minist\u00e9rio do Desenvolvimento Regional, e do Governo do Estado da Para\u00edba, por meio da Secretaria de Estado da Infraestrutura, dos Recursos H\u00eddricos e do Meio Ambiente.\n\n<\/p>\n","protected":false},"excerpt":{"rendered":"<p>Os Coordenadores Municipais do Programa \u00c1gua Doce em Amparo participam do IV Encontro Estadual do Programa e Comit\u00ea Gestor nos dias 15 e 16 de&hellip; <\/p>\n","protected":false},"author":1,"featured_media":95325,"comment_status":"closed","ping_status":"closed","sticky":false,"template":"","format":"standard","meta":{"sfsi_plus_gutenberg_text_before_share":"","sfsi_plus_gutenberg_show_text_before_share":"","sfsi_plus_gutenberg_icon_type":"","sfsi_plus_gutenberg_icon_alignemt":"","sfsi_plus_gutenburg_max_per_row":"","footnotes":""},"categories":[6],"tags":[],"class_list":["post-95324","post","type-post","status-publish","format-standard","has-post-thumbnail","hentry","category-cidades"],"_links":{"self":[{"href":"https:\/\/www.caririemacao.com\/1\/wp-json\/wp\/v2\/posts\/95324","targetHints":{"allow":["GET"]}}],"collection":[{"href":"https:\/\/www.caririemacao.com\/1\/wp-json\/wp\/v2\/posts"}],"about":[{"href":"https:\/\/www.caririemacao.com\/1\/wp-json\/wp\/v2\/types\/post"}],"author":[{"embeddable":true,"href":"https:\/\/www.caririemacao.com\/1\/wp-json\/wp\/v2\/users\/1"}],"replies":[{"embeddable":true,"href":"https:\/\/www.caririemacao.com\/1\/wp-json\/wp\/v2\/comments?post=95324"}],"version-history":[{"count":1,"href":"https:\/\/www.caririemacao.com\/1\/wp-json\/wp\/v2\/posts\/95324\/revisions"}],"predecessor-version":[{"id":95326,"href":"https:\/\/www.caririemacao.com\/1\/wp-json\/wp\/v2\/posts\/95324\/revisions\/95326"}],"wp:featuredmedia":[{"embeddable":true,"href":"https:\/\/www.caririemacao.com\/1\/wp-json\/wp\/v2\/media\/95325"}],"wp:attachment":[{"href":"https:\/\/www.caririemacao.com\/1\/wp-json\/wp\/v2\/media?parent=95324"}],"wp:term":[{"taxonomy":"category","embeddable":true,"href":"https:\/\/www.caririemacao.com\/1\/wp-json\/wp\/v2\/categories?post=95324"},{"taxonomy":"post_tag","embeddable":true,"href":"https:\/\/www.caririemacao.com\/1\/wp-json\/wp\/v2\/tags?post=95324"}],"curies":[{"name":"wp","href":"https:\/\/api.w.org\/{rel}","templated":true}]}}