{"id":95327,"date":"2019-05-16T11:34:31","date_gmt":"2019-05-16T14:34:31","guid":{"rendered":"http:\/\/www.caririemacao.com\/1\/?p=95327"},"modified":"2019-05-16T11:34:31","modified_gmt":"2019-05-16T14:34:31","slug":"prefeito-de-amparo-participou-de-debate-sobre-o-destino-dos-residuos-solidos-produzidos-nos-municipios","status":"publish","type":"post","link":"https:\/\/www.caririemacao.com\/1\/2019\/05\/16\/prefeito-de-amparo-participou-de-debate-sobre-o-destino-dos-residuos-solidos-produzidos-nos-municipios\/","title":{"rendered":"Prefeito de Amparo participou de debate sobre o destino dos res\u00edduos s\u00f3lidos produzidos nos munic\u00edpios"},"content":{"rendered":"\n<p> O prefeito In\u00e1cio N\u00f3brega esteve participando nesta ter\u00e7a-feira (14), de uma ampla discuss\u00e3o sobre o destino dos res\u00edduos s\u00f3lidos (lixo) produzidos nos munic\u00edpios. A roda de conversa aconteceu na sede do SEBRAE em Campina Grande.<\/p>\n\n\n\n<p><br>Na pauta, o cons\u00f3rcio entre munic\u00edpios pode ser a sa\u00edda para essa problem\u00e1tica que atinge os pequenos e m\u00e9dios munic\u00edpios do Estado, a principal ideia\u00a0 de se ter um\u00a0 Plano Municipal de Res\u00edduos S\u00f3lidos \u00e9\u00a0 transformar a cidade ambientalmente mais sustent\u00e1vel, na oportunidade ser\u00e1 apresentada uma proposta comercial customizada para elabora\u00e7\u00e3o do plano municipal de res\u00edduos s\u00f3lidos.<\/p>\n\n\n\n<p><br>Al\u00e9m do prefeito In\u00e1cio N\u00f3brega, tamb\u00e9m estiveram presentes os prefeitos Ronaldo Queiroz (Gurj\u00e3o), Eden Duarte (Sum\u00e9), Tiago Castro (Cabaceiras), Ana Lorena (Monteiro), Adriano Wolff (S\u00e3o Sebasti\u00e3o do Umbuzeiro), Givaldo Limeira (Coxixola), Bevilacqua (Juazeirinho) e H\u00e9lder Trajano (S\u00e3o Jo\u00e3o do Cariri). <\/p>\n","protected":false},"excerpt":{"rendered":"<p>O prefeito In\u00e1cio N\u00f3brega esteve participando nesta ter\u00e7a-feira (14), de uma ampla discuss\u00e3o sobre o destino dos res\u00edduos s\u00f3lidos (lixo) produzidos nos munic\u00edpios. A roda&hellip; <\/p>\n","protected":false},"author":1,"featured_media":95328,"comment_status":"closed","ping_status":"closed","sticky":false,"template":"","format":"standard","meta":{"sfsi_plus_gutenberg_text_before_share":"","sfsi_plus_gutenberg_show_text_before_share":"","sfsi_plus_gutenberg_icon_type":"","sfsi_plus_gutenberg_icon_alignemt":"","sfsi_plus_gutenburg_max_per_row":"","footnotes":""},"categories":[6],"tags":[],"class_list":["post-95327","post","type-post","status-publish","format-standard","has-post-thumbnail","hentry","category-cidades"],"_links":{"self":[{"href":"https:\/\/www.caririemacao.com\/1\/wp-json\/wp\/v2\/posts\/95327","targetHints":{"allow":["GET"]}}],"collection":[{"href":"https:\/\/www.caririemacao.com\/1\/wp-json\/wp\/v2\/posts"}],"about":[{"href":"https:\/\/www.caririemacao.com\/1\/wp-json\/wp\/v2\/types\/post"}],"author":[{"embeddable":true,"href":"https:\/\/www.caririemacao.com\/1\/wp-json\/wp\/v2\/users\/1"}],"replies":[{"embeddable":true,"href":"https:\/\/www.caririemacao.com\/1\/wp-json\/wp\/v2\/comments?post=95327"}],"version-history":[{"count":1,"href":"https:\/\/www.caririemacao.com\/1\/wp-json\/wp\/v2\/posts\/95327\/revisions"}],"predecessor-version":[{"id":95329,"href":"https:\/\/www.caririemacao.com\/1\/wp-json\/wp\/v2\/posts\/95327\/revisions\/95329"}],"wp:featuredmedia":[{"embeddable":true,"href":"https:\/\/www.caririemacao.com\/1\/wp-json\/wp\/v2\/media\/95328"}],"wp:attachment":[{"href":"https:\/\/www.caririemacao.com\/1\/wp-json\/wp\/v2\/media?parent=95327"}],"wp:term":[{"taxonomy":"category","embeddable":true,"href":"https:\/\/www.caririemacao.com\/1\/wp-json\/wp\/v2\/categories?post=95327"},{"taxonomy":"post_tag","embeddable":true,"href":"https:\/\/www.caririemacao.com\/1\/wp-json\/wp\/v2\/tags?post=95327"}],"curies":[{"name":"wp","href":"https:\/\/api.w.org\/{rel}","templated":true}]}}