{"id":95333,"date":"2019-05-16T12:01:18","date_gmt":"2019-05-16T15:01:18","guid":{"rendered":"http:\/\/www.caririemacao.com\/1\/?p=95333"},"modified":"2019-05-16T12:01:18","modified_gmt":"2019-05-16T15:01:18","slug":"mais-uma-vez-a-prefeitura-antecipa-salarios-dos-servidores-de-ouro-velho","status":"publish","type":"post","link":"https:\/\/www.caririemacao.com\/1\/2019\/05\/16\/mais-uma-vez-a-prefeitura-antecipa-salarios-dos-servidores-de-ouro-velho\/","title":{"rendered":"Mais uma vez a Prefeitura antecipa sal\u00e1rios dos servidores de Ouro Velho"},"content":{"rendered":"\n<p>A Prefeitura de Ouro Velho antecipa mais uma vez o pagamento de sal\u00e1rios dos servidores municipais.<\/p>\n\n\n\n<p>O repasse foi feito no dia nesta ter\u00e7a-feira, dia 14 de maio, sendo a \u00fanica Prefeitura na Para\u00edba a j\u00e1 efetuar o pagamento de seus servidores, cumprindo assim, o compromisso mantido desde janeiro de 2013.<\/p>\n\n\n\n<p>Vale destacar que a Gest\u00e3o Municipal de Ouro Velho tem realizado o pagamento sempre antes da data limite, como forma tamb\u00e9m de valoriza\u00e7\u00e3o ao funcionalismo p\u00fablico.<\/p>\n","protected":false},"excerpt":{"rendered":"<p>A Prefeitura de Ouro Velho antecipa mais uma vez o pagamento de sal\u00e1rios dos servidores municipais. O repasse foi feito no dia nesta ter\u00e7a-feira, dia&hellip; <\/p>\n","protected":false},"author":1,"featured_media":43402,"comment_status":"closed","ping_status":"closed","sticky":false,"template":"","format":"standard","meta":{"sfsi_plus_gutenberg_text_before_share":"","sfsi_plus_gutenberg_show_text_before_share":"","sfsi_plus_gutenberg_icon_type":"","sfsi_plus_gutenberg_icon_alignemt":"","sfsi_plus_gutenburg_max_per_row":"","footnotes":""},"categories":[2],"tags":[],"class_list":["post-95333","post","type-post","status-publish","format-standard","has-post-thumbnail","hentry","category-geral"],"_links":{"self":[{"href":"https:\/\/www.caririemacao.com\/1\/wp-json\/wp\/v2\/posts\/95333","targetHints":{"allow":["GET"]}}],"collection":[{"href":"https:\/\/www.caririemacao.com\/1\/wp-json\/wp\/v2\/posts"}],"about":[{"href":"https:\/\/www.caririemacao.com\/1\/wp-json\/wp\/v2\/types\/post"}],"author":[{"embeddable":true,"href":"https:\/\/www.caririemacao.com\/1\/wp-json\/wp\/v2\/users\/1"}],"replies":[{"embeddable":true,"href":"https:\/\/www.caririemacao.com\/1\/wp-json\/wp\/v2\/comments?post=95333"}],"version-history":[{"count":1,"href":"https:\/\/www.caririemacao.com\/1\/wp-json\/wp\/v2\/posts\/95333\/revisions"}],"predecessor-version":[{"id":95334,"href":"https:\/\/www.caririemacao.com\/1\/wp-json\/wp\/v2\/posts\/95333\/revisions\/95334"}],"wp:featuredmedia":[{"embeddable":true,"href":"https:\/\/www.caririemacao.com\/1\/wp-json\/wp\/v2\/media\/43402"}],"wp:attachment":[{"href":"https:\/\/www.caririemacao.com\/1\/wp-json\/wp\/v2\/media?parent=95333"}],"wp:term":[{"taxonomy":"category","embeddable":true,"href":"https:\/\/www.caririemacao.com\/1\/wp-json\/wp\/v2\/categories?post=95333"},{"taxonomy":"post_tag","embeddable":true,"href":"https:\/\/www.caririemacao.com\/1\/wp-json\/wp\/v2\/tags?post=95333"}],"curies":[{"name":"wp","href":"https:\/\/api.w.org\/{rel}","templated":true}]}}