{"id":95337,"date":"2019-05-16T12:04:31","date_gmt":"2019-05-16T15:04:31","guid":{"rendered":"http:\/\/www.caririemacao.com\/1\/?p=95337"},"modified":"2019-05-16T12:04:31","modified_gmt":"2019-05-16T15:04:31","slug":"paraiba-e-o-8o-estado-com-menor-taxa-de-desemprego-no-primeiro-trimestre","status":"publish","type":"post","link":"https:\/\/www.caririemacao.com\/1\/2019\/05\/16\/paraiba-e-o-8o-estado-com-menor-taxa-de-desemprego-no-primeiro-trimestre\/","title":{"rendered":"Para\u00edba \u00e9 o 8\u00ba estado com menor taxa de desemprego no primeiro trimestre"},"content":{"rendered":"\n<p>Somente no primeiro trimestre de 2019, a taxa de desemprego cresceu em 14 das 27 unidades da federa\u00e7\u00e3o no Brasil, de acordo com dados divulgados pelo pelo Instituto Brasileiro de Geografia e Estat\u00edstica (IBGE) nesta quinta-feira (16).<\/p>\n\n\n\n<p>Segundo o ranking divulgado, o estado da Para\u00edba ocupa a oitava posi\u00e7\u00e3o dentre as menores taxas de desemprego, com \u00edndice de 11,1%. Nos tr\u00eas primeiros meses do ano a taxa de desemprego m\u00e9dia no pa\u00eds subiu para 12,7%.<\/p>\n\n\n\n<p>Comparando todas as unidades da federa\u00e7\u00e3o, as maiores taxas de desemprego foram observadas no Amap\u00e1 (20,2%), Bahia (18,3%) e Acre (18,0%), e a menores, em Santa Catarina (7,2%), Rio Grande do Sul (8,0%) e Paran\u00e1 e Rond\u00f4nia (ambos com 8,9%). Em S\u00e3o Paulo e no Rio de Janeiro, as taxas ficaram em 13,5% e 15,3%, respectivamente.<\/p>\n\n\n\n<p>A taxa de desemprego no trimestre encerrado em mar\u00e7o \u00e9 a maior desde o trimestre terminado em maio de 2018. S\u00e3o 13,4 milh\u00f5es de desempregados no pa\u00eds, ante um universo de 12,1 milh\u00f5es no \u00faltimo trimestre do ano passado.<\/p>\n\n\n\n<p><strong>Veja a taxa de desemprego por unidade da federa\u00e7\u00e3o:<\/strong><\/p>\n\n\n\n<ul class=\"wp-block-list\"><li>Amap\u00e1: 20,2%<\/li><li>Bahia: 18,3%<\/li><li>Acre: 18%<\/li><li>Maranh\u00e3o: 16,3%<\/li><li>Pernambuco: 16,1%<\/li><li>Alagoas: 16%<\/li><li>Amazonas: 15,9%<\/li><li>Sergipe: 15,5%<\/li><li>Rio de Janeiro: 15,3%<\/li><li>Roraima: 15%<\/li><li>Distrito Federal: 14,1%<\/li><li>Rio Grande do Norte: 13,8%<\/li><li>S\u00e3o Paulo: 13,5%<\/li><li>Piau\u00ed: 12,7%<\/li><li>Tocantins: 12,3%<\/li><li>Esp\u00edrito Santo: 12,1%<\/li><li>Par\u00e1: 11,5%<\/li><li>Cear\u00e1: 11,4%<\/li><li>Minas Gerais: 11,2%<\/li><li><strong>Para\u00edba: 11,1%<\/strong><\/li><li>Goi\u00e1s: 10,7%<\/li><li>Mato Grosso do Sul: 9,5%<\/li><li>Mato Grosso: 9,1%<\/li><li>Paran\u00e1: 8,9%<\/li><li>Rond\u00f4nia: 8,9%<\/li><li>Rio Grande do Sul: 8%<\/li><li>Santa Catarina: 7,2%<\/li><\/ul>\n","protected":false},"excerpt":{"rendered":"<p>Somente no primeiro trimestre de 2019, a taxa de desemprego cresceu em 14 das 27 unidades da federa\u00e7\u00e3o no Brasil, de acordo com dados divulgados&hellip; <\/p>\n","protected":false},"author":1,"featured_media":32039,"comment_status":"closed","ping_status":"closed","sticky":false,"template":"","format":"standard","meta":{"sfsi_plus_gutenberg_text_before_share":"","sfsi_plus_gutenberg_show_text_before_share":"","sfsi_plus_gutenberg_icon_type":"","sfsi_plus_gutenberg_icon_alignemt":"","sfsi_plus_gutenburg_max_per_row":"","footnotes":""},"categories":[2],"tags":[],"class_list":["post-95337","post","type-post","status-publish","format-standard","has-post-thumbnail","hentry","category-geral"],"_links":{"self":[{"href":"https:\/\/www.caririemacao.com\/1\/wp-json\/wp\/v2\/posts\/95337","targetHints":{"allow":["GET"]}}],"collection":[{"href":"https:\/\/www.caririemacao.com\/1\/wp-json\/wp\/v2\/posts"}],"about":[{"href":"https:\/\/www.caririemacao.com\/1\/wp-json\/wp\/v2\/types\/post"}],"author":[{"embeddable":true,"href":"https:\/\/www.caririemacao.com\/1\/wp-json\/wp\/v2\/users\/1"}],"replies":[{"embeddable":true,"href":"https:\/\/www.caririemacao.com\/1\/wp-json\/wp\/v2\/comments?post=95337"}],"version-history":[{"count":1,"href":"https:\/\/www.caririemacao.com\/1\/wp-json\/wp\/v2\/posts\/95337\/revisions"}],"predecessor-version":[{"id":95338,"href":"https:\/\/www.caririemacao.com\/1\/wp-json\/wp\/v2\/posts\/95337\/revisions\/95338"}],"wp:featuredmedia":[{"embeddable":true,"href":"https:\/\/www.caririemacao.com\/1\/wp-json\/wp\/v2\/media\/32039"}],"wp:attachment":[{"href":"https:\/\/www.caririemacao.com\/1\/wp-json\/wp\/v2\/media?parent=95337"}],"wp:term":[{"taxonomy":"category","embeddable":true,"href":"https:\/\/www.caririemacao.com\/1\/wp-json\/wp\/v2\/categories?post=95337"},{"taxonomy":"post_tag","embeddable":true,"href":"https:\/\/www.caririemacao.com\/1\/wp-json\/wp\/v2\/tags?post=95337"}],"curies":[{"name":"wp","href":"https:\/\/api.w.org\/{rel}","templated":true}]}}