{"id":95344,"date":"2019-05-16T12:10:21","date_gmt":"2019-05-16T15:10:21","guid":{"rendered":"http:\/\/www.caririemacao.com\/1\/?p=95344"},"modified":"2019-05-16T12:10:21","modified_gmt":"2019-05-16T15:10:21","slug":"campinense-perde-para-o-nautico-esta-fora-da-copa-do-nordeste-e-tecnico-deixa-o-time","status":"publish","type":"post","link":"https:\/\/www.caririemacao.com\/1\/2019\/05\/16\/campinense-perde-para-o-nautico-esta-fora-da-copa-do-nordeste-e-tecnico-deixa-o-time\/","title":{"rendered":"Campinense perde para o N\u00e1utico, est\u00e1 fora da Copa do Nordeste e t\u00e9cnico deixa o time"},"content":{"rendered":"\n<p>O Campinense perdeu a partida contra o N\u00e1utico na noite desta quarta-feira (15) e est\u00e1 fora da fase de grupos da Copa do Nordeste em 2020. A partida aconteceu no Est\u00e1dio dos Aflitos, em Recife, capital de Pernambuco, e terminou com o placar de 2 a 0 para o Timbu.<\/p>\n\n\n\n<p>O N\u00e1utico precisava exatamente de um placar com dois gols de diferen\u00e7a para garantir sua classifica\u00e7\u00e3o no tempo normal de jogo. Pelo terceiro ano seguido, o Campinense n\u00e3o disputar\u00e1 a fase de grupos da Copa do Nordeste. A desclassifica\u00e7\u00e3o provocou o pedido de&nbsp;demiss\u00e3o do t\u00e9cnico do Campinense, Francisco Di\u00e1, logo ap\u00f3s a partida, durante a madrugada.<\/p>\n\n\n\n<p>Os gols da partida sa\u00edram somente no segundo tempo. Aos 11 minutos Camutanga fez um bom passe para Luiz Henrique, que acertou um cruzamento direto para a cabe\u00e7a de Odil\u00e1vio, que acertou a finaliza\u00e7\u00e3o e mandou a bola para o fundo da rede. J\u00e1 aos 43 minutos do segundo tempo, o placar foi definido novamente com uma bola cruzada na \u00e1rea do Campinense. O goleiro Wagner Coradin tentou afastar a bola, mas ela bateu em Rafael Oliveira, que aproveitou a oportunidade e fez seu gol.<\/p>\n\n\n\n<p>No pr\u00f3ximo s\u00e1bado (18) o Campinense volta a campo para enfrentar o ASA de Arapiraca pela S\u00e9rie D do Campeonato Brasileiro. O time paraibano ocupa a vice-lideran\u00e7a do grupo A7 e precisa da vit\u00f3ria para n\u00e3o se afastar da posi\u00e7\u00e3o.&nbsp;<\/p>\n","protected":false},"excerpt":{"rendered":"<p>O Campinense perdeu a partida contra o N\u00e1utico na noite desta quarta-feira (15) e est\u00e1 fora da fase de grupos da Copa do Nordeste em&hellip; <\/p>\n","protected":false},"author":1,"featured_media":95345,"comment_status":"closed","ping_status":"closed","sticky":false,"template":"","format":"standard","meta":{"sfsi_plus_gutenberg_text_before_share":"","sfsi_plus_gutenberg_show_text_before_share":"","sfsi_plus_gutenberg_icon_type":"","sfsi_plus_gutenberg_icon_alignemt":"","sfsi_plus_gutenburg_max_per_row":"","footnotes":""},"categories":[13],"tags":[],"class_list":["post-95344","post","type-post","status-publish","format-standard","has-post-thumbnail","hentry","category-esportes"],"_links":{"self":[{"href":"https:\/\/www.caririemacao.com\/1\/wp-json\/wp\/v2\/posts\/95344","targetHints":{"allow":["GET"]}}],"collection":[{"href":"https:\/\/www.caririemacao.com\/1\/wp-json\/wp\/v2\/posts"}],"about":[{"href":"https:\/\/www.caririemacao.com\/1\/wp-json\/wp\/v2\/types\/post"}],"author":[{"embeddable":true,"href":"https:\/\/www.caririemacao.com\/1\/wp-json\/wp\/v2\/users\/1"}],"replies":[{"embeddable":true,"href":"https:\/\/www.caririemacao.com\/1\/wp-json\/wp\/v2\/comments?post=95344"}],"version-history":[{"count":1,"href":"https:\/\/www.caririemacao.com\/1\/wp-json\/wp\/v2\/posts\/95344\/revisions"}],"predecessor-version":[{"id":95346,"href":"https:\/\/www.caririemacao.com\/1\/wp-json\/wp\/v2\/posts\/95344\/revisions\/95346"}],"wp:featuredmedia":[{"embeddable":true,"href":"https:\/\/www.caririemacao.com\/1\/wp-json\/wp\/v2\/media\/95345"}],"wp:attachment":[{"href":"https:\/\/www.caririemacao.com\/1\/wp-json\/wp\/v2\/media?parent=95344"}],"wp:term":[{"taxonomy":"category","embeddable":true,"href":"https:\/\/www.caririemacao.com\/1\/wp-json\/wp\/v2\/categories?post=95344"},{"taxonomy":"post_tag","embeddable":true,"href":"https:\/\/www.caririemacao.com\/1\/wp-json\/wp\/v2\/tags?post=95344"}],"curies":[{"name":"wp","href":"https:\/\/api.w.org\/{rel}","templated":true}]}}