{"id":95351,"date":"2019-05-16T12:28:39","date_gmt":"2019-05-16T15:28:39","guid":{"rendered":"http:\/\/www.caririemacao.com\/1\/?p=95351"},"modified":"2019-05-16T12:28:39","modified_gmt":"2019-05-16T15:28:39","slug":"ufcg-lanca-edital-de-concurso-publico-para-cargo-de-tecnico-administrativo","status":"publish","type":"post","link":"https:\/\/www.caririemacao.com\/1\/2019\/05\/16\/ufcg-lanca-edital-de-concurso-publico-para-cargo-de-tecnico-administrativo\/","title":{"rendered":"UFCG lan\u00e7a edital de concurso p\u00fablico para cargo de t\u00e9cnico-administrativo"},"content":{"rendered":"\n<p><br>A Universidade Federal de Campina Grande deve lan\u00e7ar, at\u00e9 o final deste m\u00eas de maio, o edital de concurso p\u00fablico para o preenchimento de vagas do cargo de t\u00e9cnico-admirativo.<\/p>\n\n\n\n<p>O certame ser\u00e1 realizado pela Comiss\u00e3o de Processos Vestibulares (Comprov), e as provas ser\u00e3o aplicadas at\u00e9 o final do ano.<\/p>\n\n\n\n<p>Segundo o presidente da Comprov, Ant\u00f4nio Jos\u00e9, ainda n\u00e3o se sabe o n\u00famero exato de vagas a serem ofertadas, pois ainda est\u00e1 sendo realizado um levantamento, mas devem ser em torno de 80.<\/p>\n\n\n\n<div class=\"wp-block-image\"><figure class=\"aligncenter\"><img decoding=\"async\" data-src=\"https:\/\/paraibaonline.com.br\/wp-content\/uploads\/2016\/03\/concurso-23.jpg\" alt=\"\" class=\"wp-image-47228 lazyload\" src=\"data:image\/svg+xml;base64,PHN2ZyB3aWR0aD0iMSIgaGVpZ2h0PSIxIiB4bWxucz0iaHR0cDovL3d3dy53My5vcmcvMjAwMC9zdmciPjwvc3ZnPg==\" \/><\/figure><\/div>\n\n\n\n<p>\u2013 A UFCG est\u00e1 sinalizando edital para concurso p\u00fablico para servidor t\u00e9cnico-administrativo e ser\u00e1 publicado at\u00e9 o dia 31 de maio. Ainda n\u00e3o temos o n\u00famero de vagas definidas, pois estamos fazendo um levantamento sobre o n\u00famero de aposentadorias, mas em breve iremos divulgar isso. Os cargos ser\u00e3o para o n\u00edvel m\u00e9dio e superior \u2013 contou.<\/p>\n","protected":false},"excerpt":{"rendered":"<p>A Universidade Federal de Campina Grande deve lan\u00e7ar, at\u00e9 o final deste m\u00eas de maio, o edital de concurso p\u00fablico para o preenchimento de vagas&hellip; <\/p>\n","protected":false},"author":1,"featured_media":45404,"comment_status":"closed","ping_status":"closed","sticky":false,"template":"","format":"standard","meta":{"sfsi_plus_gutenberg_text_before_share":"","sfsi_plus_gutenberg_show_text_before_share":"","sfsi_plus_gutenberg_icon_type":"","sfsi_plus_gutenberg_icon_alignemt":"","sfsi_plus_gutenburg_max_per_row":"","footnotes":""},"categories":[2],"tags":[],"class_list":["post-95351","post","type-post","status-publish","format-standard","has-post-thumbnail","hentry","category-geral"],"_links":{"self":[{"href":"https:\/\/www.caririemacao.com\/1\/wp-json\/wp\/v2\/posts\/95351","targetHints":{"allow":["GET"]}}],"collection":[{"href":"https:\/\/www.caririemacao.com\/1\/wp-json\/wp\/v2\/posts"}],"about":[{"href":"https:\/\/www.caririemacao.com\/1\/wp-json\/wp\/v2\/types\/post"}],"author":[{"embeddable":true,"href":"https:\/\/www.caririemacao.com\/1\/wp-json\/wp\/v2\/users\/1"}],"replies":[{"embeddable":true,"href":"https:\/\/www.caririemacao.com\/1\/wp-json\/wp\/v2\/comments?post=95351"}],"version-history":[{"count":1,"href":"https:\/\/www.caririemacao.com\/1\/wp-json\/wp\/v2\/posts\/95351\/revisions"}],"predecessor-version":[{"id":95352,"href":"https:\/\/www.caririemacao.com\/1\/wp-json\/wp\/v2\/posts\/95351\/revisions\/95352"}],"wp:featuredmedia":[{"embeddable":true,"href":"https:\/\/www.caririemacao.com\/1\/wp-json\/wp\/v2\/media\/45404"}],"wp:attachment":[{"href":"https:\/\/www.caririemacao.com\/1\/wp-json\/wp\/v2\/media?parent=95351"}],"wp:term":[{"taxonomy":"category","embeddable":true,"href":"https:\/\/www.caririemacao.com\/1\/wp-json\/wp\/v2\/categories?post=95351"},{"taxonomy":"post_tag","embeddable":true,"href":"https:\/\/www.caririemacao.com\/1\/wp-json\/wp\/v2\/tags?post=95351"}],"curies":[{"name":"wp","href":"https:\/\/api.w.org\/{rel}","templated":true}]}}