{"id":95355,"date":"2019-05-16T13:29:04","date_gmt":"2019-05-16T16:29:04","guid":{"rendered":"http:\/\/www.caririemacao.com\/1\/?p=95355"},"modified":"2019-05-16T13:29:04","modified_gmt":"2019-05-16T16:29:04","slug":"prefeitura-de-sume-faz-novas-convocacoes-de-aprovados-em-concurso-publico-e-em-processos-seletivos","status":"publish","type":"post","link":"https:\/\/www.caririemacao.com\/1\/2019\/05\/16\/prefeitura-de-sume-faz-novas-convocacoes-de-aprovados-em-concurso-publico-e-em-processos-seletivos\/","title":{"rendered":"Prefeitura de Sum\u00e9 faz novas convoca\u00e7\u00f5es de aprovados em Concurso P\u00fablico e em Processos Seletivos"},"content":{"rendered":"\n<p>A Prefeitura de Sum\u00e9 est\u00e1 fazendo novas convoca\u00e7\u00f5es nesta quinta-feira (16\/05) de aprovados no Concurso P\u00fablico do munic\u00edpio de 2017 e dos Processos Seletivos: Programa Alfaletra, Programa Crian\u00e7a Feliz e Novo Mais Educa\u00e7\u00e3o.<br>\nConfira: <br>\nGRUPO OCUPACIONAL: SERVI\u00c7OS DE SA\u00daDE SSA 600 <br>\nCATEGORIA PROFISSIONAL: PSIC\u00d3LOGO<br>\nCOL.    INSC.   PORTARIA    NOME    S\u00cdMBOLO<br>\n5\u00ba    0419015 5.793\/2019  DANIELLA DE CARVALHO MOURA  SSA-ANS 601.18<br>\nA candidata tem o prazo de 30 dias para se apresentar na Secretaria de Administra\u00e7\u00e3o\/Setor de Recursos Humanos, a contar da data da convoca\u00e7\u00e3o publicada no Boletim Oficial do Munic\u00edpio de 16 de maio de 2019.<br>\nDos Processos Seletivos est\u00e3o sendo convocados:<\/p>\n\n\n\n<p>PROGRAMA ALFALETRA &#8211; EDITAL DE CONVOCA\u00c7\u00c3O N\u00ba 01\/2019<br>\nCOLOCA\u00c7\u00c3O    NOME    INSCRI\u00c7\u00c3O<br>\n1\u00ba LUGAR    MARIA APARECIDA EUZ\u00c9BIO DE QUEIROZ  016\/2019<\/p>\n\n\n\n<p>PROGRAMA CRIAN\u00c7A FELIZ &#8211; EDITAL DE CONVOCA\u00c7\u00c3O N\u00ba 17\/2019<br>\nINSC    NOME<br>\n053\/2017    MARIA DA PAZ SOUSA DE ALMEIDA<br>\n008\/2017    SIMONE DE FARIAS OLIVEIRA<br>\n009\/2017    GEORGIA MONIQUE BARROS DE SOUZA SILVA<br>\n034\/2017    TERESA CRISTINA DOS SANTOS COSTA<\/p>\n\n\n\n<p>PROGRAMA NOVO MAIS EDUCA\u00c7\u00c3O &#8211; EDITAL DE CONVOCA\u00c7\u00c3O n\u00ba 02\/2019<br>\nUMEF PADRE PAULO ROBERTO DE OLIVEIRA<br>\nN\u00ba DE INSC<br>\n    NOME <br>\n    CARGO<\/p>\n\n\n\n<p>038<br>\n    AMANDA ARA\u00daJO DOS SANTOS<br>\n    ACOMPANHAMENTO PEDG\u00d3GICO: L\u00cdNGUA PORTUGUESA     <br>\n018<br>\n    TERESA CRISTINA DO NASCIMENTO SOUSA<br>\n    ACOMPANHAMENTO PEDAG\u00d3GICO: MATEM\u00c1TICA       <br>\n029    PAMELLA DE OLIVEIRA RAFAEL  FUTSAL\/TENIS DE MESA        <br>\n020    MATHEUS DE SOUZA GON\u00c7ALVES  FUTSAL\/TENIS DE MESA        <br>\nUMEIEF GON\u00c7ALA RODRIGUES DE FREITAS<br>\nN\u00ba DE INSC<br>\n    NOME <br>\n    CARGO<\/p>\n\n\n\n<p>037    MAYRON SILVA DE AMORIM  FUTSAL\/TENIS DE MESA        <br>\n040    JO\u00c3O VITOR GOMES SIM\u00d5ES FUTSAL\/TENIS DE MESA        <br>\n007    \u00c9LIDA MARINA MARQUES LEITE  DAN\u00c7A       <br>\n026<br>\n    RENATA LIGIA LEITE DE ALMEIDA<br>\n    ACOMPANHAMENTO PEDAG\u00d3GICO: L\u00cdNGUA PORTUGUESA        <br>\n013<br>\n    EVANILSON TAVARES DA SILVA<br>\n    ACOMPANHAMENTO PEDAG\u00d3GICO: MATEM\u00c1TICA       <br>\nESCOLA AGROT\u00c9CNICA DEPUTADO EVALDO GON\u00c7ALVES DE QUEIROZ<br>\nN\u00ba DE INSC<br>\n    NOME <br>\n    CARGO<\/p>\n\n\n\n<p>030    IGOR RAIAN BRITO DA SILVA   FUTSAL\/TENIS DE MESA        <br>\n034    JOS\u00c9 EVERTON LIRA BARROS    FUTSAL\/TENIS DE MESA        <br>\n022    ALAN HENRIQUE DOS SANTOS COSTA  DAN\u00c7A       <br>\n010    JOSEANE DO NASCIMENTO SANTOS    ACOMPANHAMENTO PEDAG\u00d3GICO: MATEM\u00c1TICA       <br>\n008<br>\n    ALANNY ARA\u00daJO DE SOUZA<br>\n    ACOMPANHAMENTO PEDAG\u00d3GICO: L\u00cdNGUA PORTUGUESA        <br>\nUMEIEF PRESIDENTE VARGAS<br>\nN\u00ba DE INSC<br>\n    NOME <br>\n    CARGO<\/p>\n\n\n\n<p>024    JOS\u00c9 DJALMA PEREIRA DE SOUSA    EDUCA\u00c7\u00c3O AMBIENTAL      <br>\n012    JEFFERSON FERREIRA DE FREITAS FEITOSA   FUTSAL\/TENIS DE MESA        <br>\n014    AKY-ANNY JOYCE GOMES DE MAC\u00caDO VID\u00c9RES  ACOMPANHAMENTO PEDAG\u00d3GICO: MATEM\u00c1TICA       <br>\n027<br>\n    TEREZA CRISTINA DOS SANTOS COSTA<br>\n    ACOMPANHAMENTO PEDAG\u00d3GICO: L\u00cdNGUA PORTUGUESA        <br>\n005    VANESSA DO NASCIMENTO BRAGA DAN\u00c7A       <\/p>\n\n\n\n<p>UMEIEF JOS\u00c9 BONIF\u00c1CIO BARBOSA DE ANDRADE<br>\nN\u00ba DE INSC<br>\n    NOME <br>\n    CARGO<\/p>\n\n\n\n<p>009<br>\n    EMANOEL DA SILVA CARVALHO<br>\n    EDUCA\u00c7\u00c3O AMBIENTAL<\/p>\n\n\n\n<p>016<br>\n    EDITE DA SILVA GALDINO<br>\n    ACOMPANHAMENTO PEDAG\u00d3GICO: L\u00cdNGUA PORTUGUESA        <br>\n003<br>\n    CHARLENE SOUSA SILVA<br>\n    ACOMPANHAMENTO PEDAG\u00d3GICO: MATEM\u00c1TICA       <br>\n017<br>\n    ROG\u00c9RIO CLEBY LIMA DE ARA\u00daJO<br>\n    INICIA\u00c7\u00c3O MUSICAL\/BANDA\/CANTO CORAL     <br>\n041    EDUARDA RUTE DE LIMA NASCIMENTO ESPORTE E LAZER &#8211; FUTSAL        <\/p>\n\n\n\n<p>UMEIEF Z\u00c9LIA BRAZ<br>\nN\u00ba DE INSC<br>\n    NOME <br>\n    CARGO<\/p>\n\n\n\n<p>002<br>\n    ARIANA DE SOUZA SILVA<br>\n    ACOMPANHAMENTO PEDAG\u00d3GICO: L\u00cdNGUA PORTUGUESA        <br>\n033    MARIA SAIONARA RODRIGUES DA SILVA   ACOMPANHAMENTO PEDAG\u00d3GICO: MATEM\u00c1TICA       <br>\n015    ALFREDO DE BRITO CASSIMIRO  FUTSAL      <br>\n028    RAQUEL GON\u00c7ALVES MACIEL RECREA\u00c7\u00c3O (BRINQUEDOTECA E JOGOS)       <\/p>\n\n\n\n<p>Os convocados devem comparecer \u00e0 Secretaria de Administra\u00e7\u00e3o\/Setor de Recursos Humanos, da Prefeitura de Sum\u00e9, em at\u00e9 48 horas da data de publica\u00e7\u00e3o dos editais de convoca\u00e7\u00e3o.<br>\n16\/05\/2019<\/p>\n","protected":false},"excerpt":{"rendered":"<p>A Prefeitura de Sum\u00e9 est\u00e1 fazendo novas convoca\u00e7\u00f5es nesta quinta-feira (16\/05) de aprovados no Concurso P\u00fablico do munic\u00edpio de 2017 e dos Processos Seletivos: Programa&hellip; <\/p>\n","protected":false},"author":1,"featured_media":52105,"comment_status":"closed","ping_status":"closed","sticky":false,"template":"","format":"standard","meta":{"sfsi_plus_gutenberg_text_before_share":"","sfsi_plus_gutenberg_show_text_before_share":"","sfsi_plus_gutenberg_icon_type":"","sfsi_plus_gutenberg_icon_alignemt":"","sfsi_plus_gutenburg_max_per_row":"","footnotes":""},"categories":[2],"tags":[],"class_list":["post-95355","post","type-post","status-publish","format-standard","has-post-thumbnail","hentry","category-geral"],"_links":{"self":[{"href":"https:\/\/www.caririemacao.com\/1\/wp-json\/wp\/v2\/posts\/95355","targetHints":{"allow":["GET"]}}],"collection":[{"href":"https:\/\/www.caririemacao.com\/1\/wp-json\/wp\/v2\/posts"}],"about":[{"href":"https:\/\/www.caririemacao.com\/1\/wp-json\/wp\/v2\/types\/post"}],"author":[{"embeddable":true,"href":"https:\/\/www.caririemacao.com\/1\/wp-json\/wp\/v2\/users\/1"}],"replies":[{"embeddable":true,"href":"https:\/\/www.caririemacao.com\/1\/wp-json\/wp\/v2\/comments?post=95355"}],"version-history":[{"count":1,"href":"https:\/\/www.caririemacao.com\/1\/wp-json\/wp\/v2\/posts\/95355\/revisions"}],"predecessor-version":[{"id":95356,"href":"https:\/\/www.caririemacao.com\/1\/wp-json\/wp\/v2\/posts\/95355\/revisions\/95356"}],"wp:featuredmedia":[{"embeddable":true,"href":"https:\/\/www.caririemacao.com\/1\/wp-json\/wp\/v2\/media\/52105"}],"wp:attachment":[{"href":"https:\/\/www.caririemacao.com\/1\/wp-json\/wp\/v2\/media?parent=95355"}],"wp:term":[{"taxonomy":"category","embeddable":true,"href":"https:\/\/www.caririemacao.com\/1\/wp-json\/wp\/v2\/categories?post=95355"},{"taxonomy":"post_tag","embeddable":true,"href":"https:\/\/www.caririemacao.com\/1\/wp-json\/wp\/v2\/tags?post=95355"}],"curies":[{"name":"wp","href":"https:\/\/api.w.org\/{rel}","templated":true}]}}